{"id":625746,"date":"2025-12-27T19:24:28","date_gmt":"2025-12-27T19:24:28","guid":{"rendered":"https:\/\/www.europesays.com\/fr\/625746\/"},"modified":"2025-12-27T19:24:28","modified_gmt":"2025-12-27T19:24:28","slug":"un-spectacle-de-lumiere-metamorphose-des-maisons-de-pecheurs-en-tableau-vivant-pres-de-marseille-et-jusquau-4-janvier-pour-prolonger-la-magie-des-fetes-de-fin-dannee","status":"publish","type":"post","link":"https:\/\/www.europesays.com\/fr\/625746\/","title":{"rendered":"Un spectacle de lumi\u00e8re m\u00e9tamorphose des maisons de p\u00eacheurs en tableau vivant pr\u00e8s de Marseille et jusqu\u2019au 4 janvier pour prolonger la magie des f\u00eates de fin d\u2019ann\u00e9e"},"content":{"rendered":"<p>\t\t\t\t\t\t\t\t\t\t\t\t\t\t\t\t\t\t\t\t\t\t<img loading=\"lazy\" decoding=\"async\" src=\"https:\/\/www.europesays.com\/fr\/wp-content\/uploads\/2025\/12\/spectacle-lumiere-cassis3-1024x683.jpg\" class=\"img-fluid\" alt=\"Spectacle de lumi\u00e8re de la ville de Cassis\" width=\"1024\" height=\"683\"\/><br \/>\n\t\t\t\t\t\t\t\t\t\t\t\t\t\t\t\t\t\t\t\t\t\t\u00a9 Ville de Cassis (Facebook)<\/p>\n<p>    Save<\/p>\n<p>Cette ann\u00e9e encore, nos voisins de<strong> Cassis<\/strong> savent comment transformer l\u2019hiver en une saison pleine de charme. Apr\u00e8s la <a href=\"https:\/\/www.cassis.fr\/agenda\/la-patinoire\" rel=\"nofollow noopener\" target=\"_blank\" class=\"shortcode-outbound-link\" data-has-ga=\"true\" data-ga-type=\"click\" data-label=\"https:\/\/www.cassis.fr\/agenda\/la-patinoire\" data-action=\"text_cta_0\" data-category=\"click_non_sales\">patinoire \u00e9cologique<\/a> qui s\u00e9duit les amateurs de glisse, la ville offre un autre rendez-vous f\u00e9erique. Un <strong>spectacle de lumi\u00e8re qui m\u00e9tamorphose le port et les embl\u00e9matiques maisons de p\u00eacheurs<\/strong> en v\u00e9ritable tableau vivant. Du <strong>5 d\u00e9cembre au 4 <a href=\"https:\/\/marseillesecrete.com\/activites-janvier-marseille\/\" rel=\"follow noopener\" target=\"_self\" class=\"shortcode-outbound-link\" data-has-ga=\"true\" data-ga-type=\"click\" data-label=\"https:\/\/marseillesecrete.com\/activites-janvier-marseille\/\" data-action=\"text_cta_1\" data-category=\"click_internal\"><strong>janvier<\/strong><\/a><\/strong>, \u00e0 la nuit tomb\u00e9e, le village s\u2019illumine et invite \u00e0 une promenade nocturne hors du temps. Un \u00e9v\u00e9nement magique qui prolonge l\u2019esprit des f\u00eates et sublime le d\u00e9cor d\u00e9j\u00e0 enchanteur de Cassis.<\/p>\n<p> <strong>Les maisons de p\u00eacheurs deviennent la toile d\u2019un spectacle de lumi\u00e8re<\/strong> <img fetchpriority=\"high\" decoding=\"async\" class=\"size-full wp-image-16742\" src=\"https:\/\/www.europesays.com\/fr\/wp-content\/uploads\/2025\/12\/spectacle-lumiere-cassis.jpg\" alt=\"Spectacle de lumi\u00e8re de la ville de Cassis\" width=\"1200\" height=\"800\"  \/>\u00a9 Ville de Cassis (Facebook) <\/p>\n<p>D\u00e8s la tomb\u00e9e de la nuit, le c\u0153ur du port quitte ses habits de jour pour rev\u00eatir ceux du r\u00eave. Sous l\u2019intitul\u00e9 <b>\u00ab <a href=\"https:\/\/www.cassis.fr\/illumination-des-facades-du-port-avec-le-spectacle-maison-de-pecheurs-en-lumiere-artistique\" rel=\"nofollow noopener\" target=\"_blank\" class=\"shortcode-outbound-link\" data-has-ga=\"true\" data-ga-type=\"click\" data-label=\"https:\/\/www.cassis.fr\/illumination-des-facades-du-port-avec-le-spectacle-maison-de-pecheurs-en-lumiere-artistique\" data-action=\"text_cta_2\" data-category=\"click_non_sales\">Maison de p\u00eacheurs en lumi\u00e8re artistique<\/a> \u00bb<\/b>, le patrimoine cassidain se m\u00e9tamorphose en un v\u00e9ritable th\u00e9\u00e2tre \u00e0 ciel ouvert, o\u00f9 le temps semble se suspendre. Ici, les fa\u00e7ades embl\u00e9matiques ne sont plus de simples murs, mais des <strong>toiles vivantes<\/strong> o\u00f9 s\u2019invitent <strong>po\u00e9sie<\/strong> et mouvement. Au rythme de projections spectaculaires qui dessinent une chor\u00e9graphie de couleurs, l\u2019architecture cassidaine s\u2019anime et d\u00e9voile ses secrets.<\/p>\n<p>La magie atteint son apog\u00e9e cette ann\u00e9e avec une <b>innovation majeure : une sc\u00e9nographie sonore sur mesure<\/b>. Ce n\u2019est plus seulement un spectacle que l\u2019on contemple, c\u2019est une exp\u00e9rience que l\u2019on vit. Une ambiance musicale enveloppante vient d\u00e9sormais souligner chaque image, cr\u00e9ant une harmonie parfaite entre l\u2019image et le son.<\/p>\n<p> Une alternative f\u00e9erique\u2026 sans la foule <img loading=\"lazy\" decoding=\"async\" class=\"size-full wp-image-16743\" src=\"https:\/\/www.europesays.com\/fr\/wp-content\/uploads\/2025\/12\/spectacle-lumiere-cassis2.jpg\" alt=\"Spectacle de lumi\u00e8re de la ville de Cassis\" width=\"1200\" height=\"800\"  \/>\u00a9 Ville de Cassis (Facebook) <\/p>\n<p>Certes, Cassis n\u2019est pas Lyon et sa c\u00e9l\u00e8bre F\u00eate des Lumi\u00e8res, et c\u2019est justement ce qui fait tout son charme. Ici, pas de bain de foule \u00e9touffant : on profite du spectacle <strong>dans une atmosph\u00e8re paisible<\/strong>, au fil d\u2019une balade le long du port, face \u00e0 la mer.<\/p>\n<p>Le spectacle est \u00e0 d\u00e9couvrir <strong>tous les soirs de 18h \u00e0 20h en semaine<\/strong>, et <strong>jusqu\u2019\u00e0 22h les vendredis, samedis et pendant les vacances scolaires<\/strong>. Un rendez-vous id\u00e9al pour prolonger la magie de No\u00ebl apr\u00e8s une journ\u00e9e d\u2019hiver, en famille, entre amis ou en amoureux.<\/p>\n","protected":false},"excerpt":{"rendered":"\u00a9 Ville de Cassis (Facebook) Save Cette ann\u00e9e encore, nos voisins de Cassis savent comment transformer l\u2019hiver en&hellip;\n","protected":false},"author":2,"featured_media":625747,"comment_status":"","ping_status":"","sticky":false,"template":"","format":"standard","meta":{"footnotes":""},"categories":[2814],"tags":[1111,11,1777,674,1011,27,884,12,882,25],"class_list":{"0":"post-625746","1":"post","2":"type-post","3":"status-publish","4":"format-standard","5":"has-post-thumbnail","7":"category-marseille","8":"tag-actu","9":"tag-actualites","10":"tag-eu","11":"tag-europe","12":"tag-fr","13":"tag-france","14":"tag-marseille","15":"tag-news","16":"tag-provence-alpes-cote-dazur","17":"tag-republique-francaise"},"share_on_mastodon":{"url":"https:\/\/pubeurope.com\/@fr\/115793171538966214","error":""},"_links":{"self":[{"href":"https:\/\/www.europesays.com\/fr\/wp-json\/wp\/v2\/posts\/625746","targetHints":{"allow":["GET"]}}],"collection":[{"href":"https:\/\/www.europesays.com\/fr\/wp-json\/wp\/v2\/posts"}],"about":[{"href":"https:\/\/www.europesays.com\/fr\/wp-json\/wp\/v2\/types\/post"}],"author":[{"embeddable":true,"href":"https:\/\/www.europesays.com\/fr\/wp-json\/wp\/v2\/users\/2"}],"replies":[{"embeddable":true,"href":"https:\/\/www.europesays.com\/fr\/wp-json\/wp\/v2\/comments?post=625746"}],"version-history":[{"count":0,"href":"https:\/\/www.europesays.com\/fr\/wp-json\/wp\/v2\/posts\/625746\/revisions"}],"wp:featuredmedia":[{"embeddable":true,"href":"https:\/\/www.europesays.com\/fr\/wp-json\/wp\/v2\/media\/625747"}],"wp:attachment":[{"href":"https:\/\/www.europesays.com\/fr\/wp-json\/wp\/v2\/media?parent=625746"}],"wp:term":[{"taxonomy":"category","embeddable":true,"href":"https:\/\/www.europesays.com\/fr\/wp-json\/wp\/v2\/categories?post=625746"},{"taxonomy":"post_tag","embeddable":true,"href":"https:\/\/www.europesays.com\/fr\/wp-json\/wp\/v2\/tags?post=625746"}],"curies":[{"name":"wp","href":"https:\/\/api.w.org\/{rel}","templated":true}]}}