{"id":625748,"date":"2025-12-27T19:25:14","date_gmt":"2025-12-27T19:25:14","guid":{"rendered":"https:\/\/www.europesays.com\/fr\/625748\/"},"modified":"2025-12-27T19:25:14","modified_gmt":"2025-12-27T19:25:14","slug":"une-jeune-femme-de-18-ans-violemment-agressee-par-trois-hommes-pour-avoir-refuse-leurs-avances","status":"publish","type":"post","link":"https:\/\/www.europesays.com\/fr\/625748\/","title":{"rendered":"une jeune femme de 18 ans violemment agress\u00e9e par trois hommes pour avoir refus\u00e9 leurs avances"},"content":{"rendered":"<p class=\"intro \">Une jeune femme, \u00e2g\u00e9e de 18 ans, a \u00e9t\u00e9 rou\u00e9e de coups par trois hommes dans la nuit du 25 au 26 d\u00e9cembre, alors qu&rsquo;elle se trouvait au volant de sa voiture \u00e0 un feu rouge, \u00e0 Marseille. Une enqu\u00eate est en cours pour retrouver ses agresseurs. <\/p>\n<p>\u00c0 <a href=\"https:\/\/www.europe1.fr\/dossiers\/marseille\" target=\"_blank\" rel=\"noopener\">Marseille<\/a>, une jeune femme de 18 ans a \u00e9t\u00e9 violemment frapp\u00e9e par trois hommes, pour avoir refus\u00e9 des avances. Un d\u00e9cha\u00eenement survenu dans le 13e arrondissement de la cit\u00e9e phoc\u00e9enne, dans la nuit de jeudi \u00e0 vendredi.<\/p>\n<p>    La suite apr\u00e8s cette publicit\u00e9<\/p>\n<p>    La suite apr\u00e8s cette publicit\u00e9<\/p>\n<p>Frapp\u00e9e \u00e0 coups de matraque<\/p>\n<p>Alors qu&rsquo;elle rentrait \u00e0 son domicile en voiture vers 1h du matin, la jeune femme a vu un v\u00e9hicule s&rsquo;arr\u00eater \u00e0 un feu rouge de la rue Alexandre Chazeaux. Les trois hommes pr\u00e9sents \u00e0 bord lui ont fait des avances qu&rsquo;elle a d\u00e9clin\u00e9. Les individus sont mont\u00e9s dans les tours et sont sortis de leur v\u00e9hicule pour s&rsquo;en prendre alors au sien.\u00a0<\/p>\n<p>Apr\u00e8s avoir cass\u00e9 son r\u00e9troviseur puis sa vitre arri\u00e8re, ils ont sorti par la force la conductrice de sa voiture pour la rouer de coups. La victime a tout d&rsquo;abord re\u00e7u des coups de pied, des coups de poing et m\u00eame des coups de matraque. Si ces agresseurs ont pu s&rsquo;enfuir, la jeune femme de 18 ans est repartie bless\u00e9e \u00e0 la t\u00eate, mais aussi au ventre et aux jambes. Elle a d\u00fb \u00eatre transport\u00e9e \u00e0 l&rsquo;h\u00f4pital apr\u00e8s l&rsquo;arriv\u00e9e des secours. Pour l&rsquo;instant, une enqu\u00eate est en cours pour tenter de retrouver ses agresseurs.<\/p>\n","protected":false},"excerpt":{"rendered":"Une jeune femme, \u00e2g\u00e9e de 18 ans, a \u00e9t\u00e9 rou\u00e9e de coups par trois hommes dans la nuit&hellip;\n","protected":false},"author":2,"featured_media":584375,"comment_status":"","ping_status":"","sticky":false,"template":"","format":"standard","meta":{"footnotes":""},"categories":[2814],"tags":[1111,11,1777,674,1011,27,884,12,882,25],"class_list":{"0":"post-625748","1":"post","2":"type-post","3":"status-publish","4":"format-standard","5":"has-post-thumbnail","7":"category-marseille","8":"tag-actu","9":"tag-actualites","10":"tag-eu","11":"tag-europe","12":"tag-fr","13":"tag-france","14":"tag-marseille","15":"tag-news","16":"tag-provence-alpes-cote-dazur","17":"tag-republique-francaise"},"share_on_mastodon":{"url":"https:\/\/pubeurope.com\/@fr\/115793174539009982","error":""},"_links":{"self":[{"href":"https:\/\/www.europesays.com\/fr\/wp-json\/wp\/v2\/posts\/625748","targetHints":{"allow":["GET"]}}],"collection":[{"href":"https:\/\/www.europesays.com\/fr\/wp-json\/wp\/v2\/posts"}],"about":[{"href":"https:\/\/www.europesays.com\/fr\/wp-json\/wp\/v2\/types\/post"}],"author":[{"embeddable":true,"href":"https:\/\/www.europesays.com\/fr\/wp-json\/wp\/v2\/users\/2"}],"replies":[{"embeddable":true,"href":"https:\/\/www.europesays.com\/fr\/wp-json\/wp\/v2\/comments?post=625748"}],"version-history":[{"count":0,"href":"https:\/\/www.europesays.com\/fr\/wp-json\/wp\/v2\/posts\/625748\/revisions"}],"wp:featuredmedia":[{"embeddable":true,"href":"https:\/\/www.europesays.com\/fr\/wp-json\/wp\/v2\/media\/584375"}],"wp:attachment":[{"href":"https:\/\/www.europesays.com\/fr\/wp-json\/wp\/v2\/media?parent=625748"}],"wp:term":[{"taxonomy":"category","embeddable":true,"href":"https:\/\/www.europesays.com\/fr\/wp-json\/wp\/v2\/categories?post=625748"},{"taxonomy":"post_tag","embeddable":true,"href":"https:\/\/www.europesays.com\/fr\/wp-json\/wp\/v2\/tags?post=625748"}],"curies":[{"name":"wp","href":"https:\/\/api.w.org\/{rel}","templated":true}]}}