{"id":625749,"date":"2025-12-27T19:26:27","date_gmt":"2025-12-27T19:26:27","guid":{"rendered":"https:\/\/www.europesays.com\/fr\/625749\/"},"modified":"2025-12-27T19:26:27","modified_gmt":"2025-12-27T19:26:27","slug":"caluire-urban-trail-radio-scoop","status":"publish","type":"post","link":"https:\/\/www.europesays.com\/fr\/625749\/","title":{"rendered":"Caluire Urban Trail &#8211; Radio SCOOP"},"content":{"rendered":"<p>Rendez-vous dimanche 1er mars 2026 \u00e0 Caluire-et-Cuire.<\/p>\n<p>Le Caluire Urban Trail revient le 1er mars 2026 avec de nouvelles distances et de nouveaux parcours :<br \/>&#8211; 10 km<br \/>&#8211; 10 km Randonn\u00e9e<br \/>&#8211; 16 km<br \/>&#8211; 24 km<br \/>&#8211; 32 km, la grande nouveaut\u00e9<\/p>\n<p>Le CUT offre une exp\u00e9rience urbaine sportive unique au c\u0153ur de Caluire-et-Cuire. Les parcours permettent une immersion entre nature et patrimoine historique, en traversant des lieux embl\u00e9matiques : les bords du Rh\u00f4ne et de la Sa\u00f4ne, les passages autour du Fort de Montessuy, de la Mairie de Caluire, de l&rsquo;Oratoire, l&rsquo;Usine des Eaux ou encore de la Maison Jean Moulin.<\/p>\n<p>Le Caluire Urban Trail attire chaque ann\u00e9e un large public de passionn\u00e9s, pour une matin\u00e9em\u00ealant d\u00e9passement et bonne humeur. Les marcheurs sont \u00e9galement les bienvenus sur la randonn\u00e9e de 10 km. C&rsquo;est une course conviviale, accessible, mais aussi exigeante pour<br \/>ceux qui choisissent les distances sup\u00e9rieures, notamment le 24 et le 32 km (nouveaut\u00e9 de cette ann\u00e9e !). <\/p>\n<p>Le Caluire Urban Trail, c&rsquo;est l&rsquo;occasion de d\u00e9couvrir Caluire autrement, de repousser ses limites et de partager un moment fort avec la communaut\u00e9 running lyonnaise et de la r\u00e9gion<\/p>\n<p>Rendez-vous dimanche 1er mars 2026 \u00e0 Caluire-et-Cuire<\/p>\n<p>Infos pratiques :<br \/>&#8211; Adresse : 01 rue Curie, 69300 CALUIRE<br \/>&#8211; Horaires : D\u00e9part des courses \u00e0 9h<\/p>\n<p>Plus d&rsquo;infos et inscription sur le site <a class=\"url\" href=\"https:\/\/athle-caluire.net\/\" target=\"_blank\" rel=\"noopener\">caluire-urban-trail<\/a>.<\/p>\n<p>Radio SCOOP est partenaire de l&rsquo;\u00e9v\u00e8nement<\/p>\n<tr>\n<td class=\"defaut\"><a href=\"https:\/\/www.radioscoop.com\/agenda\/javascript:void(0)\" onclick=\"parent.RS.diaporama.addMedia(720166) ;\" target=\"_blank\" rel=\"noopener\"><img loading=\"lazy\" decoding=\"async\" src=\"https:\/\/www.europesays.com\/fr\/wp-content\/uploads\/2025\/12\/1766863587_767_img\" width=\"452\" height=\"640\" border=\"0\" title=\"Le Caluire Urban Trail 2026\"\/><\/a><\/td>\n<\/tr>\n<p><\/p>\n","protected":false},"excerpt":{"rendered":"Rendez-vous dimanche 1er mars 2026 \u00e0 Caluire-et-Cuire. Le Caluire Urban Trail revient le 1er mars 2026 avec de&hellip;\n","protected":false},"author":2,"featured_media":615764,"comment_status":"","ping_status":"","sticky":false,"template":"","format":"standard","meta":{"footnotes":""},"categories":[1889],"tags":[1111,11,2430,72641,15842,6466,1777,674,1011,27,2428,12,25,6187],"class_list":{"0":"post-625749","1":"post","2":"type-post","3":"status-publish","4":"format-standard","5":"has-post-thumbnail","7":"category-lyon","8":"tag-actu","9":"tag-actualites","10":"tag-auvergne-rhone-alpes","11":"tag-bords-du-rhne","12":"tag-caluire-et-cuire","13":"tag-course","14":"tag-eu","15":"tag-europe","16":"tag-fr","17":"tag-france","18":"tag-lyon","19":"tag-news","20":"tag-republique-francaise","21":"tag-trail"},"share_on_mastodon":{"url":"https:\/\/pubeurope.com\/@fr\/115793179360933694","error":""},"_links":{"self":[{"href":"https:\/\/www.europesays.com\/fr\/wp-json\/wp\/v2\/posts\/625749","targetHints":{"allow":["GET"]}}],"collection":[{"href":"https:\/\/www.europesays.com\/fr\/wp-json\/wp\/v2\/posts"}],"about":[{"href":"https:\/\/www.europesays.com\/fr\/wp-json\/wp\/v2\/types\/post"}],"author":[{"embeddable":true,"href":"https:\/\/www.europesays.com\/fr\/wp-json\/wp\/v2\/users\/2"}],"replies":[{"embeddable":true,"href":"https:\/\/www.europesays.com\/fr\/wp-json\/wp\/v2\/comments?post=625749"}],"version-history":[{"count":0,"href":"https:\/\/www.europesays.com\/fr\/wp-json\/wp\/v2\/posts\/625749\/revisions"}],"wp:featuredmedia":[{"embeddable":true,"href":"https:\/\/www.europesays.com\/fr\/wp-json\/wp\/v2\/media\/615764"}],"wp:attachment":[{"href":"https:\/\/www.europesays.com\/fr\/wp-json\/wp\/v2\/media?parent=625749"}],"wp:term":[{"taxonomy":"category","embeddable":true,"href":"https:\/\/www.europesays.com\/fr\/wp-json\/wp\/v2\/categories?post=625749"},{"taxonomy":"post_tag","embeddable":true,"href":"https:\/\/www.europesays.com\/fr\/wp-json\/wp\/v2\/tags?post=625749"}],"curies":[{"name":"wp","href":"https:\/\/api.w.org\/{rel}","templated":true}]}}