{"id":625750,"date":"2025-12-27T19:27:13","date_gmt":"2025-12-27T19:27:13","guid":{"rendered":"https:\/\/www.europesays.com\/fr\/625750\/"},"modified":"2025-12-27T19:27:13","modified_gmt":"2025-12-27T19:27:13","slug":"deux-personnes-filmees-accroches-a-un-bus-tcl-circulant-sur-la-m6","status":"publish","type":"post","link":"https:\/\/www.europesays.com\/fr\/625750\/","title":{"rendered":"deux personnes film\u00e9es accroch\u00e9s \u00e0 un bus TCL circulant sur la M6"},"content":{"rendered":"<p>                    Par<br \/>\n        <strong><br \/>\n            <a href=\"https:\/\/actu.fr\/auteur\/redaction-lyon\" title=\"Consulter tous les articles de R\u00e9daction Lyon\" target=\"_blank\" rel=\"noopener\">R\u00e9daction Lyon<\/a><br \/>\n                    <\/strong><\/p>\n<p>        Publi\u00e9 le<\/p>\n<p>            27 d\u00e9c. 2025 \u00e0 20h19        <\/p>\n<p>D\u00e9j\u00e0 des centaines de milliers de vues sur les r\u00e9seaux sociaux pour un comportement absurde et dangereux. Une <strong>vid\u00e9o montrant deux hommes accroch\u00e9s \u00e0 l\u2019arri\u00e8re d\u2019un bus<\/strong> <a href=\"https:\/\/actu.fr\/tag\/transports-en-commun-lyonnais-tcl\" target=\"_blank\" rel=\"noopener\">TCL<\/a> circulant sur une voie de la M6 \u00e0 l\u2019entr\u00e9e de <a href=\"https:\/\/actu.fr\/auvergne-rhone-alpes\/lyon_69123\" target=\"_blank\" rel=\"noopener\">Lyon<\/a> circule sur diff\u00e9rents r\u00e9seaux dont X ce samedi 27 d\u00e9cembre 2027.<\/p>\n<p>Accroch\u00e9s derri\u00e8re un bus TCL sur la M6<\/p>\n<p class=\" wall-content\">\u00ab\u00a0Lyon hier soir sur le p\u00e9riph\u00e9rique deux hommes ont \u00e9t\u00e9 aper\u00e7us accroch\u00e9s \u00e0 l\u2019arri\u00e8re d\u2019un bus alors qu\u2019il roulait \u00e0 grande vitesse sc\u00e8ne incroyable film\u00e9e par des automobilistes pr\u00e9sents sur place\u00a0\u00bb, \u00e9crit le compte \u00ab\u00a0@cpasdeslol_X\u00a0\u00bb sur X sp\u00e9cialis\u00e9 dans la diffusion de vid\u00e9os de faits divers.<\/p>\n<p class=\" wall-content\">En r\u00e9alit\u00e9, <strong>la sc\u00e8ne a \u00e9t\u00e9 film\u00e9e sur la M6<\/strong>, un axe limit\u00e9 \u00e0 70 km\/h, et non le p\u00e9riph\u00e9rique dans le sens Lyon-Paris \u00e0 hauteur de la sortie 34 pour rejoindre Dardilly dans l\u2019ouest lyonnais. Il s\u2019agit probablement d\u2019un bus de la ligne 10E (Gare de Vaise \u2013 Porte de Lyon). Il est impossible pour l\u2019heure de dater la vid\u00e9o mais elle n\u2019appara\u00eet pas pr\u00e9c\u00e9demment sur les r\u00e9seaux ce qui confirme bien une date r\u00e9cente.<\/p>\n<p class=\" wall-content\">Les commentaires des internautes sont unanimes : \u00ab\u00a0des malades\u00a0\u00bb, \u00ab\u00a0dangereux\u00a0\u00bb, \u00ab\u00a0irresponsable\u00a0\u00bb, \u00ab\u00a0ils auraient pu se tuer\u00a0\u00bb.<\/p>\n<p class=\" wall-content\">\n<p>Pas une premi\u00e8re sur le r\u00e9seau TCL, un cas mortel en 2021<\/p>\n<p class=\" wall-content\">Le fait de s\u2019accrocher \u00e0 un v\u00e9hicule du r\u00e9seau TCL n\u2019est malheureusement pas une nouveaut\u00e9 dans la m\u00e9tropole de Lyon. Des faits similaires ont d\u00e9j\u00e0 \u00e9t\u00e9 rapport\u00e9s sur le tramway T2 au printemps dernier. Trois personnes s\u2019\u00e9taient accroch\u00e9es \u00e0 l\u2019arri\u00e8re d\u2019un tram sur l\u2019avenue Berthelot dans le 8e arrondissement de Lyon.\u00a0<\/p>\n<p class=\" wall-content\">Une pratique de \u00ab\u00a0bus ou tramway surfing\u00a0\u00bb dangereuse qui a d\u00e9j\u00e0 co\u00fbt\u00e9 la vie \u00e0 un adolescent de 15 ans en 2021 sur la ligne T7 \u00e0 Vaulx-en-Velin pr\u00e8s de Lyon. Le jeune homme avait chut\u00e9 lourdement apr\u00e8s s\u2019\u00eatre accroch\u00e9 \u00e0 l\u2019arri\u00e8re du v\u00e9hicule.<\/p>\n<p class=\" wall-content\">Personnalisez votre actualit\u00e9 en ajoutant vos villes et m\u00e9dias en favori avec <a href=\"https:\/\/moncompte.actu.fr\" title=\"D\u00e9couvez Mon Actu\" rel=\"nofollow noopener\" data-trk=\"{&quot;cta&quot;:{&quot;action&quot;:&quot;https:\\\/\\\/moncompte.actu.fr&quot;,&quot;category&quot;:&quot;mon compte&quot;,&quot;from&quot;:&quot;article footer&quot;,&quot;name&quot;:&quot;Mon actu&quot;,&quot;type&quot;:&quot;cta&quot;}}\" target=\"_blank\">Mon Actu<\/a>.<\/p>\n","protected":false},"excerpt":{"rendered":"Par R\u00e9daction Lyon Publi\u00e9 le 27 d\u00e9c. 2025 \u00e0 20h19 D\u00e9j\u00e0 des centaines de milliers de vues sur&hellip;\n","protected":false},"author":2,"featured_media":625751,"comment_status":"","ping_status":"","sticky":false,"template":"","format":"standard","meta":{"footnotes":""},"categories":[1889],"tags":[1111,11,2430,1777,674,1011,27,2428,12,25,104,5787],"class_list":{"0":"post-625750","1":"post","2":"type-post","3":"status-publish","4":"format-standard","5":"has-post-thumbnail","7":"category-lyon","8":"tag-actu","9":"tag-actualites","10":"tag-auvergne-rhone-alpes","11":"tag-eu","12":"tag-europe","13":"tag-fr","14":"tag-france","15":"tag-lyon","16":"tag-news","17":"tag-republique-francaise","18":"tag-societe","19":"tag-transports-en-commun-lyonnais-tcl"},"share_on_mastodon":{"url":"https:\/\/pubeurope.com\/@fr\/115793182293778131","error":""},"_links":{"self":[{"href":"https:\/\/www.europesays.com\/fr\/wp-json\/wp\/v2\/posts\/625750","targetHints":{"allow":["GET"]}}],"collection":[{"href":"https:\/\/www.europesays.com\/fr\/wp-json\/wp\/v2\/posts"}],"about":[{"href":"https:\/\/www.europesays.com\/fr\/wp-json\/wp\/v2\/types\/post"}],"author":[{"embeddable":true,"href":"https:\/\/www.europesays.com\/fr\/wp-json\/wp\/v2\/users\/2"}],"replies":[{"embeddable":true,"href":"https:\/\/www.europesays.com\/fr\/wp-json\/wp\/v2\/comments?post=625750"}],"version-history":[{"count":0,"href":"https:\/\/www.europesays.com\/fr\/wp-json\/wp\/v2\/posts\/625750\/revisions"}],"wp:featuredmedia":[{"embeddable":true,"href":"https:\/\/www.europesays.com\/fr\/wp-json\/wp\/v2\/media\/625751"}],"wp:attachment":[{"href":"https:\/\/www.europesays.com\/fr\/wp-json\/wp\/v2\/media?parent=625750"}],"wp:term":[{"taxonomy":"category","embeddable":true,"href":"https:\/\/www.europesays.com\/fr\/wp-json\/wp\/v2\/categories?post=625750"},{"taxonomy":"post_tag","embeddable":true,"href":"https:\/\/www.europesays.com\/fr\/wp-json\/wp\/v2\/tags?post=625750"}],"curies":[{"name":"wp","href":"https:\/\/api.w.org\/{rel}","templated":true}]}}