{"id":625757,"date":"2025-12-27T19:35:18","date_gmt":"2025-12-27T19:35:18","guid":{"rendered":"https:\/\/www.europesays.com\/fr\/625757\/"},"modified":"2025-12-27T19:35:18","modified_gmt":"2025-12-27T19:35:18","slug":"lattaque-au-couteau-a-paris-rappelle-la-crainte-chez-les-femmes-de-prendre-le-metro","status":"publish","type":"post","link":"https:\/\/www.europesays.com\/fr\/625757\/","title":{"rendered":"l&rsquo;attaque au couteau \u00e0 Paris rappelle la crainte chez les femmes de prendre le m\u00e9tro"},"content":{"rendered":"<p class=\"article-p mdl\">Une attaque qui repose la question de la s\u00e9curit\u00e9 dans les transports. Vendredi 26 d\u00e9cembre, un jeune homme de 25 ans a poignard\u00e9 et bless\u00e9 l\u00e9g\u00e8rement trois femmes sur la ligne 3 du m\u00e9tro parisien.\u00a0<a class=\"link\" href=\"https:\/\/www.rtl.fr\/actu\/justice-faits-divers\/trois-blessees-le-profil-du-suspect-ce-que-l-on-sait-de-l-attaque-a-l-arme-blanche-sur-la-ligne-3-du-metro-parisien-7900582729\" title=\"Trois bless\u00e9es, le profil du suspect... Ce que l&#039;on sait de l&#039;attaque \u00e0 l&#039;arme blanche sur la ligne 3 du m\u00e9tro parisien\" target=\"_blank\" rel=\"noopener\">Ce fait divers<\/a>\u00a0alimente irr\u00e9m\u00e9diablement la crainte chez certaines femmes de prendre le m\u00e9tro.\u00a0<\/p>\n<p class=\"article-p mdl\">Laetitia a la vingtaine lorsqu&rsquo;un soir elle prend le m\u00e9tro pour rentrer chez elle. Assise dans la rame, Laetitia sent qu&rsquo;un homme la fixe pendant de longues minutes avant de s&rsquo;asseoir juste en face d&rsquo;elle. \u00ab\u00a0Je suis sortie quand le m\u00e9tro \u00e9tait en train de fermer les portes sauf qu&rsquo;il a r\u00e9ussi \u00e0 passer. <strong>J&rsquo;ai alors commenc\u00e9 \u00e0 courir dans les couloirs du m\u00e9tro<\/strong> et quand je suis arriv\u00e9e \u00e0 la station, je me suis cach\u00e9e derri\u00e8re un distributeur automatique. Il n&rsquo;a pas r\u00e9ussi \u00e0 me suivre apr\u00e8s\u00a0\u00bb, raconte-t-elle au mirco de RTL.\u00a0<\/p>\n<p class=\"article-p mdl\">Depuis, la Parisienne ne sort jamais sans son sac en bandouli\u00e8re, toujours serr\u00e9 contre son buste. \u00ab\u00a0D\u00e9j\u00e0, le t\u00e9l\u00e9phone, c&rsquo;est soit \u00e0 la main, soit dans une poche int\u00e9rieure pour pas qu&rsquo;on puisse me le voler. Et j&rsquo;essaie d&rsquo;\u00eatre habill\u00e9e, surtout en \u00e9t\u00e9, d&rsquo;avoir un t-shirt ou quelque chose comme \u00e7a, parce que je sais qu&rsquo;en d\u00e9bardeur, je ne me sens pas forc\u00e9ment super \u00e0 l&rsquo;aise dans le m\u00e9tro\u00a0\u00bb, ajoute-t-elle.\u00a0<\/p>\n<blockquote class=\"article-quote\">\n<p class=\"article-quote-text icon icon-quote-v2\">Si je vois que c&rsquo;est un homme, je presse le pas.<\/p>\n<p>\u00c9lodie, usag\u00e8re du m\u00e9tro parisien<\/p>\n<\/blockquote>\n<p class=\"article-p mdl\">Pour\u00a0\u00c9lodie, 37 ans, quand on est une femme, on ne sent pas en s\u00e9curit\u00e9 dans les transports en commun. \u00ab\u00a0<strong>Il faut faire attention m\u00eame \u00e0 la sortie des m\u00e9tros quand il fait sombre<\/strong>. Quand je sors du m\u00e9tro et qu&rsquo;il est tard, je regarde toujours derri\u00e8re moi et si je vois que c&rsquo;est un homme, je presse le pas\u00a0\u00bb, confie-t-elle. Pour \u00e9viter toute d\u00e9convenue, la jeune maman \u00e9vite de prendre les transports seule le soir. Elle opte m\u00eame pour le taxi apr\u00e8s 23h.<\/p>\n<p>    La r\u00e9daction vous recommande<\/p>\n<p class=\"s-newsletter__title\">\n                L\u2019actualit\u00e9 par la r\u00e9daction de RTL dans votre bo\u00eete mail.\n            <\/p>\n<p class=\"s-newsletter__subtitle\">\n                Gr\u00e2ce \u00e0 votre compte RTL abonnez-vous \u00e0 la newsletter RTL info pour suivre toute l&rsquo;actualit\u00e9 au quotidien\n            <\/p>\n<p>\n                                    Lire la suite\n                                <\/p>\n","protected":false},"excerpt":{"rendered":"Une attaque qui repose la question de la s\u00e9curit\u00e9 dans les transports. Vendredi 26 d\u00e9cembre, un jeune homme&hellip;\n","protected":false},"author":2,"featured_media":625758,"comment_status":"","ping_status":"","sticky":false,"template":"","format":"standard","meta":{"footnotes":""},"categories":[1888],"tags":[11,1777,674,118,107,1011,27,303,12,626,362,25,240],"class_list":{"0":"post-625757","1":"post","2":"type-post","3":"status-publish","4":"format-standard","5":"has-post-thumbnail","7":"category-paris","8":"tag-actualites","9":"tag-eu","10":"tag-europe","11":"tag-faits-divers","12":"tag-fil-info","13":"tag-fr","14":"tag-france","15":"tag-justice","16":"tag-news","17":"tag-paris","18":"tag-replay","19":"tag-republique-francaise","20":"tag-temoignage"},"share_on_mastodon":{"url":"https:\/\/pubeurope.com\/@fr\/115793213869846248","error":""},"_links":{"self":[{"href":"https:\/\/www.europesays.com\/fr\/wp-json\/wp\/v2\/posts\/625757","targetHints":{"allow":["GET"]}}],"collection":[{"href":"https:\/\/www.europesays.com\/fr\/wp-json\/wp\/v2\/posts"}],"about":[{"href":"https:\/\/www.europesays.com\/fr\/wp-json\/wp\/v2\/types\/post"}],"author":[{"embeddable":true,"href":"https:\/\/www.europesays.com\/fr\/wp-json\/wp\/v2\/users\/2"}],"replies":[{"embeddable":true,"href":"https:\/\/www.europesays.com\/fr\/wp-json\/wp\/v2\/comments?post=625757"}],"version-history":[{"count":0,"href":"https:\/\/www.europesays.com\/fr\/wp-json\/wp\/v2\/posts\/625757\/revisions"}],"wp:featuredmedia":[{"embeddable":true,"href":"https:\/\/www.europesays.com\/fr\/wp-json\/wp\/v2\/media\/625758"}],"wp:attachment":[{"href":"https:\/\/www.europesays.com\/fr\/wp-json\/wp\/v2\/media?parent=625757"}],"wp:term":[{"taxonomy":"category","embeddable":true,"href":"https:\/\/www.europesays.com\/fr\/wp-json\/wp\/v2\/categories?post=625757"},{"taxonomy":"post_tag","embeddable":true,"href":"https:\/\/www.europesays.com\/fr\/wp-json\/wp\/v2\/tags?post=625757"}],"curies":[{"name":"wp","href":"https:\/\/api.w.org\/{rel}","templated":true}]}}