{"id":625759,"date":"2025-12-27T19:36:23","date_gmt":"2025-12-27T19:36:23","guid":{"rendered":"https:\/\/www.europesays.com\/fr\/625759\/"},"modified":"2025-12-27T19:36:23","modified_gmt":"2025-12-27T19:36:23","slug":"la-russie-revendique-la-prise-de-deux-villes-dans-lest-de-lukraine","status":"publish","type":"post","link":"https:\/\/www.europesays.com\/fr\/625759\/","title":{"rendered":"la Russie revendique la prise de deux villes dans l&rsquo;est de l&rsquo;Ukraine"},"content":{"rendered":"<p class=\"article-p mdl\">De nouvelles avanc\u00e9es sur le front ukrainien.\u00a0La Russie a revendiqu\u00e9 ce samedi 27 d\u00e9cembre la prise des villes de Myrnograd et de Goulia\u00efpol\u00e9, dans l&rsquo;est de l&rsquo;Ukraine \u00e0 la veille d&rsquo;une rencontre aux \u00c9tats-Unis entre les pr\u00e9sidents ukrainien et am\u00e9ricain.\u00a0<\/p>\n<p class=\"article-p mdl\">Selon un communiqu\u00e9 du Kremlin, Vladimir Poutine a \u00e9cout\u00e9 un rapport de l&rsquo;\u00e9tat-major de l&rsquo;arm\u00e9e russe faisant \u00e9tat de \u00ab\u00a0la lib\u00e9ration des villes de Dimitrov (le nom russe de Myrnograd, ndlr) et de Goulia\u00efpol\u00e9\u00a0\u00bb. Myrnograd, situ\u00e9e dans la r\u00e9gion de Donetsk, est voisine de Pokrovsk, <strong>un important n\u0153ud logistique dont la conqu\u00eate a \u00e9t\u00e9 revendiqu\u00e9e par la Russie<\/strong> le 1er d\u00e9cembre, ce que Kiev a d\u00e9menti.\u00a0<\/p>\n<p class=\"article-p mdl\">Goulia\u00efpol\u00e9 est, quant \u00e0 elle, situ\u00e9e dans la partie orientale de la r\u00e9gion m\u00e9ridionale de Zaporijjia, un secteur o\u00f9 les progressions russes ont \u00e9t\u00e9 plus rares mais o\u00f9 celles-ci se sont acc\u00e9l\u00e9r\u00e9es ces derniers mois. \u00ab\u00a0Dans le Donbass et la r\u00e9gion de Zaporijjia, l&rsquo;offensive se d\u00e9roule sur toute la ligne de contact\u00a0\u00bb, s&rsquo;est f\u00e9licit\u00e9 le chef de l&rsquo;\u00c9tat russe, assurant que les troupes russes \u00ab\u00a0intensifient la pression\u00a0\u00bb sur l&rsquo;arm\u00e9e ukrainienne, selon des propos retransmis \u00e0 la t\u00e9l\u00e9vision.\u00a0<\/p>\n<p>            R\u00e9soudre les probl\u00e8mes \u00ab\u00a0par la voie militaire\u00a0\u00bb<\/p>\n<p class=\"article-p mdl\">Ces annonces interviennent \u00e0 la veille d&rsquo;<a class=\"link\" href=\"https:\/\/www.rtl.fr\/actu\/international\/volodymyr-zelensky-rencontrera-donald-trump-ce-dimanche-en-floride-7900582689\" title=\"Volodymyr Zelensky rencontrera Donald Trump ce dimanche en Floride\" target=\"_blank\" rel=\"noopener\">une rencontre aux \u00c9tats-Unis entre le pr\u00e9sident ukrainien Volodymyr Zelensky et son homologue am\u00e9ricain Donald Trump<\/a>, pour \u00e9voquer le plan de Washington visant \u00e0 mettre fin \u00e0 la guerre avec la Russie.\u00a0<a class=\"link\" href=\"https:\/\/www.rtl.fr\/actu\/international\/plan-de-paix-ligne-de-front-elections-otan-zelensky-devoile-la-nouvelle-version-du-plan-americain-pour-la-paix-en-ukraine-7900582294\" title=\"Plan de paix, ligne de front, \u00e9lections, Otan : Zelensky d\u00e9voile la nouvelle version du plan am\u00e9ricain pour la paix en Ukraine\" target=\"_blank\" rel=\"noopener\">La nouvelle version de ce document<\/a>, retravaill\u00e9 apr\u00e8s des n\u00e9gociations entre Am\u00e9ricains et Ukrainiens, abandonne deux exigences majeures de la Russie, ce qui rend improbable qu&rsquo;elle l&rsquo;adopte.\u00a0<\/p>\n<p class=\"article-p mdl\">Le Kremlin a fait savoir cette semaine qu&rsquo;il \u00ab\u00a0formulait sa position\u00a0\u00bb pour y r\u00e9pondre et un haut responsable russe avait accus\u00e9 Kiev et ses alli\u00e9s europ\u00e9ens de <strong>vouloir \u00ab\u00a0torpiller\u00a0\u00bb les pourparlers en sugg\u00e9rant des modifications inacceptables pour Moscou<\/strong>. \u00ab\u00a0Si les autorit\u00e9s de Kiev ne souhaitent pas r\u00e9gler cette affaire pacifiquement, nous r\u00e9soudrons tous les probl\u00e8mes qui se posent \u00e0 nous par la voie militaire\u00a0\u00bb, a d\u00e9clar\u00e9\u00a0<a class=\"link\" href=\"https:\/\/www.rtl.fr\/actu\/international\/paix-avec-l-ukraine-avoirs-russe-geles-laurent-vinatier-ce-qu-il-faut-retenir-de-la-conference-de-presse-annuelle-de-poutine-7900580679\" title=\"Paix avec l&#039;Ukraine, avoirs russe gel\u00e9s, Laurent Vinatier... Ce qu&#039;il faut retenir de la conf\u00e9rence de presse annuelle de Poutine\" target=\"_blank\" rel=\"noopener\">Vladimir Poutine<\/a>\u00a0ce 27 d\u00e9cembre.\u00a0<\/p>\n<p>    La r\u00e9daction vous recommande<\/p>\n<p class=\"s-newsletter__title\">\n                L\u2019actualit\u00e9 par la r\u00e9daction de RTL dans votre bo\u00eete mail.\n            <\/p>\n<p class=\"s-newsletter__subtitle\">\n                Gr\u00e2ce \u00e0 votre compte RTL abonnez-vous \u00e0 la newsletter RTL info pour suivre toute l&rsquo;actualit\u00e9 au quotidien\n            <\/p>\n<p>\n                                    Lire la suite\n                                <\/p>\n","protected":false},"excerpt":{"rendered":"De nouvelles avanc\u00e9es sur le front ukrainien.\u00a0La Russie a revendiqu\u00e9 ce samedi 27 d\u00e9cembre la prise des villes&hellip;\n","protected":false},"author":2,"featured_media":625760,"comment_status":"","ping_status":"","sticky":false,"template":"","format":"standard","meta":{"footnotes":""},"categories":[1591],"tags":[11,17059,1887,107,131,14,12,1885,1886,132,220,135,134],"class_list":{"0":"post-625759","1":"post","2":"type-post","3":"status-publish","4":"format-standard","5":"has-post-thumbnail","7":"category-russie","8":"tag-actualites","9":"tag-bielorussie","10":"tag-federation-de-russie","11":"tag-fil-info","12":"tag-guerre-en-ukraine","13":"tag-international","14":"tag-news","15":"tag-russia","16":"tag-russian-federation","17":"tag-russie","18":"tag-ukraine","19":"tag-vladimir-poutine","20":"tag-volodymyr-zelensky"},"share_on_mastodon":{"url":"https:\/\/pubeurope.com\/@fr\/115793217817798964","error":""},"_links":{"self":[{"href":"https:\/\/www.europesays.com\/fr\/wp-json\/wp\/v2\/posts\/625759","targetHints":{"allow":["GET"]}}],"collection":[{"href":"https:\/\/www.europesays.com\/fr\/wp-json\/wp\/v2\/posts"}],"about":[{"href":"https:\/\/www.europesays.com\/fr\/wp-json\/wp\/v2\/types\/post"}],"author":[{"embeddable":true,"href":"https:\/\/www.europesays.com\/fr\/wp-json\/wp\/v2\/users\/2"}],"replies":[{"embeddable":true,"href":"https:\/\/www.europesays.com\/fr\/wp-json\/wp\/v2\/comments?post=625759"}],"version-history":[{"count":0,"href":"https:\/\/www.europesays.com\/fr\/wp-json\/wp\/v2\/posts\/625759\/revisions"}],"wp:featuredmedia":[{"embeddable":true,"href":"https:\/\/www.europesays.com\/fr\/wp-json\/wp\/v2\/media\/625760"}],"wp:attachment":[{"href":"https:\/\/www.europesays.com\/fr\/wp-json\/wp\/v2\/media?parent=625759"}],"wp:term":[{"taxonomy":"category","embeddable":true,"href":"https:\/\/www.europesays.com\/fr\/wp-json\/wp\/v2\/categories?post=625759"},{"taxonomy":"post_tag","embeddable":true,"href":"https:\/\/www.europesays.com\/fr\/wp-json\/wp\/v2\/tags?post=625759"}],"curies":[{"name":"wp","href":"https:\/\/api.w.org\/{rel}","templated":true}]}}