{"id":625761,"date":"2025-12-27T19:37:25","date_gmt":"2025-12-27T19:37:25","guid":{"rendered":"https:\/\/www.europesays.com\/fr\/625761\/"},"modified":"2025-12-27T19:37:25","modified_gmt":"2025-12-27T19:37:25","slug":"la-paix-en-ukraine-si-loin-si-proche","status":"publish","type":"post","link":"https:\/\/www.europesays.com\/fr\/625761\/","title":{"rendered":"La paix en Ukraine, si loin, si proche"},"content":{"rendered":"<p>Une fois n\u2019est pas coutume, c\u2019est un Volodymyr Zelensky tr\u00e8s optimiste qui arrive ce dimanche 28 d\u00e9cembre aux \u00c9tats-Unis. \u00c0 Mar-a-Lago, en Floride, il va pr\u00e9senter \u00e0 <a href=\"https:\/\/www.latribune.fr\/article\/la-tribune-dimanche\/dans-le-monde\/221718383564314\/entre-donald-trump-lukraine-et-leurope-la-grande-bataille-des-plans-de-paix\" target=\"_blank\" rel=\"noopener\">Donald Trump<\/a> une version r\u00e9vis\u00e9e de l\u2019accord de paix en 20\u202fpoints sur lequel Kiev travaille avec Washington et les Europ\u00e9ens depuis des semaines.<\/p>\n<p>\u00ab\u202fBeaucoup de choses peuvent \u00eatre d\u00e9cid\u00e9es avant le Nouvel An\u202f\u00bb, a assur\u00e9 le pr\u00e9sident ukrainien, ajoutant que 90\u202f% des points \u00e9gren\u00e9s dans le texte sont d\u00e9j\u00e0 \u00ab\u202fr\u00e9gl\u00e9s\u202f\u00bb. Les discussions autour des 10\u202f% restants risquent pourtant d\u2019\u00eatre anim\u00e9es car ils concernent les questions les plus \u00e9pineuses, comme le devenir de la centrale nucl\u00e9aire de <a href=\"https:\/\/www.latribune.fr\/economie\/international\/centrale-nucleaire-de-zaporijia-moscou-et-kiev-s-accusent-mutuellement-de-declencher-une-potentielle-provocation-928249.html\" target=\"_blank\" rel=\"noopener\">Zaporijjia<\/a>, les garanties de s\u00e9curit\u00e9 r\u00e9clam\u00e9es par Kiev et surtout la question des territoires.<\/p>\n","protected":false},"excerpt":{"rendered":"Une fois n\u2019est pas coutume, c\u2019est un Volodymyr Zelensky tr\u00e8s optimiste qui arrive ce dimanche 28 d\u00e9cembre aux&hellip;\n","protected":false},"author":2,"featured_media":625762,"comment_status":"","ping_status":"","sticky":false,"template":"","format":"standard","meta":{"footnotes":""},"categories":[1590],"tags":[17,11,1777,674,5797,4743,3102,11276,12,2403,5486,467,220,6746],"class_list":{"0":"post-625761","1":"post","2":"type-post","3":"status-publish","4":"format-standard","5":"has-post-thumbnail","7":"category-ukraine","8":"tag-17","9":"tag-actualites","10":"tag-eu","11":"tag-europe","12":"tag-floride","13":"tag-la","14":"tag-la-tribune-dimanche","15":"tag-loin","16":"tag-news","17":"tag-paix","18":"tag-rencontre","19":"tag-trump","20":"tag-ukraine","21":"tag-zelensky"},"share_on_mastodon":{"url":"https:\/\/pubeurope.com\/@fr\/115793221810668772","error":""},"_links":{"self":[{"href":"https:\/\/www.europesays.com\/fr\/wp-json\/wp\/v2\/posts\/625761","targetHints":{"allow":["GET"]}}],"collection":[{"href":"https:\/\/www.europesays.com\/fr\/wp-json\/wp\/v2\/posts"}],"about":[{"href":"https:\/\/www.europesays.com\/fr\/wp-json\/wp\/v2\/types\/post"}],"author":[{"embeddable":true,"href":"https:\/\/www.europesays.com\/fr\/wp-json\/wp\/v2\/users\/2"}],"replies":[{"embeddable":true,"href":"https:\/\/www.europesays.com\/fr\/wp-json\/wp\/v2\/comments?post=625761"}],"version-history":[{"count":0,"href":"https:\/\/www.europesays.com\/fr\/wp-json\/wp\/v2\/posts\/625761\/revisions"}],"wp:featuredmedia":[{"embeddable":true,"href":"https:\/\/www.europesays.com\/fr\/wp-json\/wp\/v2\/media\/625762"}],"wp:attachment":[{"href":"https:\/\/www.europesays.com\/fr\/wp-json\/wp\/v2\/media?parent=625761"}],"wp:term":[{"taxonomy":"category","embeddable":true,"href":"https:\/\/www.europesays.com\/fr\/wp-json\/wp\/v2\/categories?post=625761"},{"taxonomy":"post_tag","embeddable":true,"href":"https:\/\/www.europesays.com\/fr\/wp-json\/wp\/v2\/tags?post=625761"}],"curies":[{"name":"wp","href":"https:\/\/api.w.org\/{rel}","templated":true}]}}