{"id":625764,"date":"2025-12-27T19:39:28","date_gmt":"2025-12-27T19:39:28","guid":{"rendered":"https:\/\/www.europesays.com\/fr\/625764\/"},"modified":"2025-12-27T19:39:28","modified_gmt":"2025-12-27T19:39:28","slug":"le-royaume-uni-sort-le-gros-chequier-pour-assurer-la-tapisserie-de-bayeux-deventuels-dommages","status":"publish","type":"post","link":"https:\/\/www.europesays.com\/fr\/625764\/","title":{"rendered":"Le Royaume-Uni sort le (gros) ch\u00e9quier pour assurer la tapisserie de Bayeux d\u2019\u00e9ventuels dommages"},"content":{"rendered":"<p>        <img decoding=\"async\" loading=\"lazy\" src=\"https:\/\/www.europesays.com\/fr\/wp-content\/uploads\/2025\/12\/a399b4b_upload-1-5hnea5apoieh-000-wx21b.jpg\"  width=\"728\" height=\"410\" alt=\"Une photo diffus\u00e9e le 17\u00a0janvier 2018\u00a0par la mairie de Bayeux montrant la Tapisserie de Bayeux dans le mus\u00e9e \u00e9ponyme du Calvados.\"\/>  <\/p>\n<p>STEPHANE MAURICE \/ AFP<\/p>\n<p>Une photo diffus\u00e9e le 17\u00a0janvier 2018\u00a0par la mairie de Bayeux montrant la Tapisserie de Bayeux dans le mus\u00e9e \u00e9ponyme du Calvados.<\/p>\n<p class=\"asset asset-text\">Avant un voyage de l\u2019autre c\u00f4t\u00e9 de la Manche en 2026, la tapisserie de Bayeux s\u2019offre une protection de choix de la part du Tr\u00e9sor britannique. Attendue au British Museum d\u2019ici quelques mois, <a href=\"https:\/\/www.huffingtonpost.fr\/france\/article\/combien-de-penis-sur-la-tapisserie-de-bayeux-cette-question-insolite-oppose-deux-historiens-britanniques_249257.html\" target=\"_blank\" rel=\"noopener\">la c\u00e9l\u00e8bre broderie<\/a> va en effet \u00eatre assur\u00e9e pour une somme astronomique.<\/p>\n<p class=\"asset asset-text\">Comme l\u2019indique la <a href=\"https:\/\/www.bbc.com\/news\/articles\/c79x21wdlgeo\" target=\"_blank\" rel=\"noopener\" title=\"Nouvelle fen\u00eatre\">BBC<\/a> ce samedi 27\u00a0d\u00e9cembre, l\u2019\u0153uvre r\u00e9alis\u00e9e entre 1066 et 1083\u00a0va \u00eatre assur\u00e9e contre les dommages pour la coquette somme de 800\u00a0millions de livres sterling. Soit une somme qui avoisine les 920\u00a0millions d\u2019euros.<\/p>\n<p class=\"asset asset-text\"><a href=\"https:\/\/www.huffingtonpost.fr\/culture\/article\/la-tapisserie-de-bayeux-a-ete-decrochee-les-images-impressionnantes_255120.html\" target=\"_blank\" rel=\"noopener\">R\u00e9cemment extraite du mus\u00e9e de Bayeux<\/a>, dans le Calvados, la tapisserie de 70\u00a0m\u00e8tres de long est d\u00e9sormais attendue en juin ou juillet\u00a02026 pour \u00eatre expos\u00e9e au British Museum de Londres <a href=\"https:\/\/www.huffingtonpost.fr\/international\/article\/la-tapisserie-de-bayeux-va-quitter-la-france-et-retourner-au-royaume-uni-une-premiere-en-900-ans_252379.html\" target=\"_blank\" rel=\"noopener\">pour la premi\u00e8re fois depuis 900\u00a0ans<\/a>.<\/p>\n<p class=\"asset asset-text\">Mais pour parvenir \u00e0 ce pr\u00eat risqu\u00e9, compte tenu des moyens n\u00e9cessaires pour assurer son transport au Royaume-Uni sans d\u00e9grader l\u2019\u0153uvre, le Royaume-Uni n\u2019a souhait\u00e9 prendre aucun risque. De ce fait, son transport, son stockage et son exposition seront couverts par le r\u00e9gime d\u2019indemnisation gouvernemental britannique. Une assurance qui permettra de couvrir toute perte ou dommage caus\u00e9 \u00e0 la tapisserie.<\/p>\n<p>                     Exposition jusqu\u2019en juillet\u00a02027    <\/p>\n<p class=\"asset asset-text\">Il faut dire qu\u2019en France, le d\u00e9m\u00e9nagement de l\u2019\u0153uvre a <a href=\"https:\/\/www.huffingtonpost.fr\/culture\/article\/tapisserie-de-bayeux-l-elysee-repond-a-cette-petition-denoncant-le-transfert-de-l-uvre-au-british-museum_253888.html\" target=\"_blank\" rel=\"noopener\">soulev\u00e9 de nombreuses inqui\u00e9tudes<\/a> quant au fait de d\u00e9placer une \u0153uvre aussi vieille et fragile. Bien que les autorit\u00e9s fran\u00e7aises aient balay\u00e9 les critiques en affirmant que la tapisserie de Bayeux \u00e9tait en mesure d\u2019effectuer ce voyage. \u00ab\u00a0Aujourd\u2019hui, rien ne permet de dire que le d\u00e9fi technique qui doit \u00eatre relev\u00e9 est impossible \u00e0 relever\u00a0\u00bb , avait ainsi d\u00e9clar\u00e9 en septembre Philippe B\u00e9laval, charg\u00e9 par le pr\u00e9sident fran\u00e7ais de piloter cette op\u00e9ration.<\/p>\n<p class=\"asset asset-text\">Le Tr\u00e9sor britannique a donc command\u00e9 une estimation pour avoir une id\u00e9e du montant du pr\u00eat n\u00e9cessaire pour assurer une telle couverture. Selon le <a href=\"https:\/\/www.ft.com\/content\/ec9ac8eb-adce-43b1-914d-c2a7a381bf0d\" target=\"_blank\" rel=\"noopener\" title=\"Nouvelle fen\u00eatre\">Financial Times<\/a>, \u00ab\u00a0la valeur finale de l\u2019op\u00e9ration s\u2019\u00e9l\u00e8verait \u00e0 environ 800\u00a0millions de livres sterling\u00a0\u00bb. Ce que le Tr\u00e9sor britannique n\u2019a pas contest\u00e9 aupr\u00e8s de la BBC. Sans cette assurance pour un pr\u00eat d\u2019une aussi grande valeur, l\u2019accord entre les gouvernements fran\u00e7ais et britannique n\u2019aurait sans doute pas abouti \u00ab\u00a0en raison du co\u00fbt trop \u00e9lev\u00e9 de l\u2019assurance\u00a0\u00bb, explique un porte-parole du Tr\u00e9sor britannique. Toutefois, ce pr\u00eat ne sera officiellement confirm\u00e9 qu\u2019apr\u00e8s r\u00e9ception de l\u2019estimation d\u00e9finitive, est-il \u00e9galement pr\u00e9cis\u00e9.<\/p>\n<p class=\"asset asset-text\">D\u00e9sormais en tr\u00e8s bonne voie, ce pr\u00eat de la France va permettre d\u2019exposer ce chef-d\u2019\u0153uvre colossal dans la galerie d\u2019expositions Sainsbury du British Museum de septembre\u00a02026 \u00e0 juillet\u00a02027. De quoi laisser le temps au mus\u00e9e de Bayeux d\u2019\u00eatre r\u00e9nov\u00e9 pour accueillir au mieux cette \u0153uvre compos\u00e9e de 58 sc\u00e8nes et 626 personnages illustrant notamment le moment o\u00f9 Guillaume le Conqu\u00e9rant s\u2019empara du tr\u00f4ne anglais.<\/p>\n","protected":false},"excerpt":{"rendered":"STEPHANE MAURICE \/ AFP Une photo diffus\u00e9e le 17\u00a0janvier 2018\u00a0par la mairie de Bayeux montrant la Tapisserie de&hellip;\n","protected":false},"author":2,"featured_media":625765,"comment_status":"","ping_status":"","sticky":false,"template":"","format":"standard","meta":{"footnotes":""},"categories":[1588],"tags":[11,3734,251,1777,674,4534,12,473,1853,1851,1850,1852],"class_list":{"0":"post-625764","1":"post","2":"type-post","3":"status-publish","4":"format-standard","5":"has-post-thumbnail","7":"category-royaume-uni","8":"tag-actualites","9":"tag-art","10":"tag-culture","11":"tag-eu","12":"tag-europe","13":"tag-londres","14":"tag-news","15":"tag-royaume-uni","16":"tag-royaume-uni-de-grande-bretagne-et-dirlande-du-nord","17":"tag-uk","18":"tag-united-kingdom","19":"tag-united-kingdom-of-great-britain-and-northern-ireland"},"share_on_mastodon":{"url":"https:\/\/pubeurope.com\/@fr\/115793230435649149","error":""},"_links":{"self":[{"href":"https:\/\/www.europesays.com\/fr\/wp-json\/wp\/v2\/posts\/625764","targetHints":{"allow":["GET"]}}],"collection":[{"href":"https:\/\/www.europesays.com\/fr\/wp-json\/wp\/v2\/posts"}],"about":[{"href":"https:\/\/www.europesays.com\/fr\/wp-json\/wp\/v2\/types\/post"}],"author":[{"embeddable":true,"href":"https:\/\/www.europesays.com\/fr\/wp-json\/wp\/v2\/users\/2"}],"replies":[{"embeddable":true,"href":"https:\/\/www.europesays.com\/fr\/wp-json\/wp\/v2\/comments?post=625764"}],"version-history":[{"count":0,"href":"https:\/\/www.europesays.com\/fr\/wp-json\/wp\/v2\/posts\/625764\/revisions"}],"wp:featuredmedia":[{"embeddable":true,"href":"https:\/\/www.europesays.com\/fr\/wp-json\/wp\/v2\/media\/625765"}],"wp:attachment":[{"href":"https:\/\/www.europesays.com\/fr\/wp-json\/wp\/v2\/media?parent=625764"}],"wp:term":[{"taxonomy":"category","embeddable":true,"href":"https:\/\/www.europesays.com\/fr\/wp-json\/wp\/v2\/categories?post=625764"},{"taxonomy":"post_tag","embeddable":true,"href":"https:\/\/www.europesays.com\/fr\/wp-json\/wp\/v2\/tags?post=625764"}],"curies":[{"name":"wp","href":"https:\/\/api.w.org\/{rel}","templated":true}]}}