{"id":625770,"date":"2025-12-27T19:42:12","date_gmt":"2025-12-27T19:42:12","guid":{"rendered":"https:\/\/www.europesays.com\/fr\/625770\/"},"modified":"2025-12-27T19:42:12","modified_gmt":"2025-12-27T19:42:12","slug":"lunion-europeenne-appelle-au-respect-de-la-souverainete-de-la-somalie","status":"publish","type":"post","link":"https:\/\/www.europesays.com\/fr\/625770\/","title":{"rendered":"l&rsquo;Union europ\u00e9enne appelle au respect de la souverainet\u00e9 de la Somalie"},"content":{"rendered":"<p>\n    L\u2019UE n\u2019a pas tard\u00e9 \u00e0 r\u00e9agir apr\u00e8s qu\u2019Isra\u00ebl\u00a0a annonc\u00e9 vendredi la reconnaissance officielle du\u00a0Somaliland.<\/p>\n<p class=\"fig-paragraph\">L&rsquo;Union europ\u00e9enne a appel\u00e9 samedi au respect de la souverainet\u00e9 de la Somalie apr\u00e8s\u00a0<a href=\"http:\/\/www.lefigaro.fr\/international\/israel-est-le-premier-etat-a-reconnaitre-le-somaliland-20251226\" data-fig-type=\"NewsFlash\" data-gtm-custom-categorie=\"navigation\" data-gtm-custom-action=\"crossclick\" data-gtm-custom-label=\"Contextuel\" data-gtm-event=\"customEventSPE\" data-fig-domain=\"LEFIGARO\" target=\"_blank\" rel=\"noopener\">qu&rsquo;Isra\u00ebl a officiellement reconnu l&rsquo;ind\u00e9pendance du Somaliland<\/a>, une premi\u00e8re pour cette r\u00e9publique autoproclam\u00e9e qui a fait s\u00e9cession de la Somalie en 1991.<\/p>\n<p class=\"fig-paragraph\">L&rsquo;UE \u00abr\u00e9affirme l&rsquo;importance de respecter l&rsquo;unit\u00e9, la souverainet\u00e9 et l&rsquo;int\u00e9grit\u00e9 territoriale de la R\u00e9publique f\u00e9d\u00e9rale de Somalie conform\u00e9ment \u00e0 sa Constitution, aux chartes de l&rsquo;Union africaine et des Nations unies\u00bb, a d\u00e9clar\u00e9 dans un communiqu\u00e9 le porte-parole de l&rsquo;UE pour les questions de politique \u00e9trang\u00e8re, Anouar El Anouni. \u00abCeci est essentiel pour la paix et la stabilit\u00e9 dans toute la Corne de l&rsquo;Afrique\u00bb, a-t-il estim\u00e9.<\/p>\n<p>                                            <a class=\"fig-a11y-skip\" href=\"#fig-a11y-skip-main-inarticle\" data-module=\"a11y-skip\" data-context=\"was @visible\"><br \/>\n    Passer la publicit\u00e9<br \/>\n<\/a>            <\/p>\n<p class=\"fig-paragraph\">\u00abL&rsquo;UE encourage un dialogue constructif entre le Somaliland et le gouvernement f\u00e9d\u00e9ral de Somalie afin de r\u00e9gler les diff\u00e9rends de longue date\u00bb, a ajout\u00e9 le porte-parole.<\/p>\n<p class=\"fig-body-link\">\n            \u00c0 lire aussi<br \/>\n        <a class=\"fig-body-link__link fig-premium-mark\" href=\"http:\/\/www.lefigaro.fr\/actualite-france\/afghanistan-syrie-sahel-somalie-ces-brasiers-djihadistes-qui-menacent-la-france-et-l-europe-20250316\" data-fig-type=\"Article\" data-gtm-custom-categorie=\"navigation\" data-gtm-custom-action=\"crossclick\" data-gtm-custom-label=\"Contextuel\" data-gtm-event=\"customEventSPE\" data-fig-domain=\"LEFIGARO\" target=\"_blank\" rel=\"noopener\"><\/p>\n<p>        Afghanistan, Syrie, Sahel, Somalie&#8230; Ces brasiers djihadistes qui menacent la France et l\u2019Europe<br \/>\n    <\/a>\n<\/p>\n<p class=\"fig-paragraph\">Apr\u00e8s la d\u00e9cision d&rsquo;Isra\u00ebl, la Somalie a d\u00e9nonc\u00e9 une \u00abattaque d\u00e9lib\u00e9r\u00e9e\u00bb contre sa souverainet\u00e9, tandis que l&rsquo;\u00c9gypte, la Turquie, le Conseil de coop\u00e9ration du Golfe (CCG), compos\u00e9 de six pays, et l&rsquo;Organisation de la coop\u00e9ration islamique (OCI), qui a son si\u00e8ge en Arabie saoudite, ont tous condamn\u00e9 cette reconnaissance.<\/p>\n<p class=\"fig-paragraph\">R\u00e9publique autoproclam\u00e9e, le Somaliland b\u00e9n\u00e9ficie d&rsquo;une position strat\u00e9gique sur le golfe d&rsquo;Aden et dispose de ses propres monnaie, passeports et arm\u00e9e. Cependant, ce territoire est diplomatiquement isol\u00e9 depuis qu&rsquo;il a unilat\u00e9ralement proclam\u00e9 son ind\u00e9pendance.<\/p>\n","protected":false},"excerpt":{"rendered":"L\u2019UE n\u2019a pas tard\u00e9 \u00e0 r\u00e9agir apr\u00e8s qu\u2019Isra\u00ebl\u00a0a annonc\u00e9 vendredi la reconnaissance officielle du\u00a0Somaliland. L&rsquo;Union europ\u00e9enne a appel\u00e9&hellip;\n","protected":false},"author":2,"featured_media":625771,"comment_status":"","ping_status":"","sticky":false,"template":"","format":"standard","meta":{"footnotes":""},"categories":[1586],"tags":[11,952,1777,674,1779,1011,27,664,12,25,5638,1778,364],"class_list":{"0":"post-625770","1":"post","2":"type-post","3":"status-publish","4":"format-standard","5":"has-post-thumbnail","7":"category-europe","8":"tag-actualites","9":"tag-benyamin-netanyahou","10":"tag-eu","11":"tag-europe","12":"tag-european-union","13":"tag-fr","14":"tag-france","15":"tag-israel","16":"tag-news","17":"tag-republique-francaise","18":"tag-somalie","19":"tag-ue","20":"tag-union-europeenne"},"share_on_mastodon":{"url":"https:\/\/pubeurope.com\/@fr\/115793241367914025","error":""},"_links":{"self":[{"href":"https:\/\/www.europesays.com\/fr\/wp-json\/wp\/v2\/posts\/625770","targetHints":{"allow":["GET"]}}],"collection":[{"href":"https:\/\/www.europesays.com\/fr\/wp-json\/wp\/v2\/posts"}],"about":[{"href":"https:\/\/www.europesays.com\/fr\/wp-json\/wp\/v2\/types\/post"}],"author":[{"embeddable":true,"href":"https:\/\/www.europesays.com\/fr\/wp-json\/wp\/v2\/users\/2"}],"replies":[{"embeddable":true,"href":"https:\/\/www.europesays.com\/fr\/wp-json\/wp\/v2\/comments?post=625770"}],"version-history":[{"count":0,"href":"https:\/\/www.europesays.com\/fr\/wp-json\/wp\/v2\/posts\/625770\/revisions"}],"wp:featuredmedia":[{"embeddable":true,"href":"https:\/\/www.europesays.com\/fr\/wp-json\/wp\/v2\/media\/625771"}],"wp:attachment":[{"href":"https:\/\/www.europesays.com\/fr\/wp-json\/wp\/v2\/media?parent=625770"}],"wp:term":[{"taxonomy":"category","embeddable":true,"href":"https:\/\/www.europesays.com\/fr\/wp-json\/wp\/v2\/categories?post=625770"},{"taxonomy":"post_tag","embeddable":true,"href":"https:\/\/www.europesays.com\/fr\/wp-json\/wp\/v2\/tags?post=625770"}],"curies":[{"name":"wp","href":"https:\/\/api.w.org\/{rel}","templated":true}]}}