{"id":625773,"date":"2025-12-27T19:44:11","date_gmt":"2025-12-27T19:44:11","guid":{"rendered":"https:\/\/www.europesays.com\/fr\/625773\/"},"modified":"2025-12-27T19:44:11","modified_gmt":"2025-12-27T19:44:11","slug":"top-14-lucas-velarte-capitaine-le-grand-retour-dantoine-aucagne-des-joueurs-relances-douze-changements-dans-le-xv-de-lusap-a-toulon","status":"publish","type":"post","link":"https:\/\/www.europesays.com\/fr\/625773\/","title":{"rendered":"Top 14 \u2013 Lucas Velarte capitaine, le grand retour d\u2019Antoine Aucagne, des joueurs relanc\u00e9s\u2026 Douze changements dans le XV de l\u2019USAP \u00e0 Toulon"},"content":{"rendered":"<p>\n                                                                La composition de l\u2019USAP, qui d\u00e9fiera le RC Toulon \u00e0 Mayol (ce dimanche 28\u00a0d\u00e9cembre \u00e0 18\u00a0h) pour la 13e journ\u00e9e de Top 14, a \u00e9t\u00e9 d\u00e9voil\u00e9e. Par rapport \u00e0 la victoire contre Clermont (26-20) samedi dernier \u00e0 Aim\u00e9, l\u2019encadrement catalan a proc\u00e9d\u00e9 \u00e0 douze changements dans son XV de d\u00e9part.\n                            <\/p>\n<p>L\u2019USAP enregistre des retours de longue blessure entre Lucas Velarte (titulaire et capitaine) et Antoine Aucagne (rempla\u00e7ant). Dans le XV de d\u00e9part, Laurent Labit a proc\u00e9d\u00e9 \u00e0 douze\u00a0changements, en renouvelant dans son int\u00e9gralit\u00e9 son huit devant. Derri\u00e8re, Alivereti Duguivalu, Jordan Petaia et Th\u00e9o Forner sont les trois\u00a0seuls rescap\u00e9s de l\u2019\u00e9quipe qui a d\u00e9but\u00e9 contre Clermont.<\/p>\n<p>Jer\u00f3nimo de la Fuente, Lucas Velarte, Bastien Chinarro et Maxim\u00a0Granell, hors groupe samedi dernier contre Clermont commenceront la rencontre ce dimanche \u00e0 Mayol. Hugo Reus fera ses grands d\u00e9buts en Top 14 sous ses nouvelles couleurs dans la peau du titulaire \u00e0 l\u2019ouverture apr\u00e8s ses 19 minutes contre Clermont.\u00a0Benjam\u00edn Urdapilleta est au repos pour passer ses vacances en famille. Autres cadres m\u00e9nag\u00e9s, en troisi\u00e8me ligne cette fois avec l\u2019\u00c9cossais Jamie Ritchie et l\u2019Argentin Joaqu\u00edn Oviedo. Le demi de m\u00eal\u00e9e James Hall, auteur de 80 grosses minutes face \u00e0 l\u2019ASM est au repos \u00e9galement tout comme le talonneur Sama Malolo.<\/p>\n<p>Le banc, lui, sera compos\u00e9 en 6-2 pour la deuxi\u00e8me\u00a0fois de l\u2019\u00e8re Laurent Labit. Logique, aussi, avec tous les retours majeurs dans le paquet d\u2019avants. Gela Aprasidze retrouve le groupe pour doubler Tom Ecochard \u00e0 la m\u00eal\u00e9e, quand Antoine Aucagne appara\u00eet pour la premi\u00e8re fois de la saison sur la feuille de match, presque un an apr\u00e8s sa derni\u00e8re sortie et ses deux op\u00e9rations (pouce, dos). Mathys Lotrian\u00a0et\u00a0Mahamadou Diaby voudront eux aussi marquer des points, quand Mathieu Tanguy\u00a0et Peceli Yato\u00a0apporteront leur densit\u00e9 physique en cours de rencontre.<\/p>\n<p>Pour rappel, le deuxi\u00e8me ligne Posolo Tuilagi (genou), les troisi\u00e8mes lignes No\u00e9 Della Schiava (genou), Andro Dvali (abdomen) et Patrick Sobela (genou), les ouvreurs Tommaso Allan (bras), Jake McIntyre (genou) et Tristan Tedder (pectoral), le centre Duncan Paia\u2019aua (suspendu) et l\u2019arri\u00e8re Mayron Fahy (cuisse) sont toujours indisponibles. Jefferson-Lee Joseph (suspendu) quitte le groupe tout comme\u00a0le centre Eneriko Buliruarua (cuisse) ne s\u2019est pas entra\u00een\u00e9 cette semaine.<br \/>Les talonneurs Sama Malolo et Victor Montgaillard, les piliers gauches Lorencio Boyer-Gallardo et Bruce Devaux, les piliers droits Akato Fakatika et Nemo Roelofse, les troisi\u00e8mes lignes Jamie Ritchie et Joaqu\u00edn Oviedo, les ouvreurs Benjam\u00edn Urdapilleta et Gabin Kretchmann, le centre Job Poulet, l\u2019ailier Tavite Veredamu, ainsi que l\u2019arri\u00e8re Lucas Dubois n\u2019ont, eux, pas \u00e9t\u00e9 retenus.<\/p>\n<p><strong>La composition de l\u2019USAP\u00a0: 15. Th\u00e9o Forner \u2013 14. Jordan Petaia, 13. Alivereti Duguivalu, 12. Jer\u00f3nimo<\/strong> <strong>de la Fuente, 11. Maxim\u00a0Granell \u2013 (o) 10. Hugo Reus, (m) 9. Tom Ecochard \u2013 7. Matt\u00e9o Le Corvec, 8. Lucas Velarte (cap.), 6. Max Hicks\u00a0\u2013 5. Adrien Warion, 4. Bastien Chinarro \u2013 3. Pietro Ceccarelli, 2. Ignacio Ruiz, 1. Giorgi Beria.<\/strong><br \/>Rempla\u00e7ants\u00a0: 16. Mathys Lotrian, 17. Giorgi Tetrashvili, 18. Peceli Yato, 19. Mathieu Tanguy, 20. Mahamadou Diaby, 21. Gela Aprasidze, 22. Antoine Aucagne, 23. Kieran Brookes.<\/p>\n<p><strong>La composition de Toulon\u00a0: 15. Marius Domon <\/strong>\u2013<strong>14. Ga\u00ebl Dr\u00e9an, 13. Mathieu Sma\u00efli, 12. J\u00e9r\u00e9my Sinzelle, 11. Mathis Fert\u00e9\u2005<\/strong>\u2013\u00a0<strong>(o) 10. Paolo Garbisi, (m) 9. Ben White\u00a0\u2013 7. Charles Ollivon (cap.), 8. Zach Mercer, 6. Lewis Ludlam \u2013 5. Giorgi Javakhia, 4. David Ribbans \u2013 3. Kyle Sinckler, 2. Teddy Baubigny, 1. L\u00e9o Ametlla.<\/strong><br \/>Rempla\u00e7ants\u00a0: 16. J\u00e9r\u00e9my Toevalu, 17. Daniel Brennan, 18. Brian Alainu&rsquo;uese, 19. Esteban Abadie, 20. Tom\u00e1s Albornoz, 21. Baptiste Serin, 22. Gabin Villi\u00e8re, 23. Dany Priso.<\/p>\n","protected":false},"excerpt":{"rendered":"La composition de l\u2019USAP, qui d\u00e9fiera le RC Toulon \u00e0 Mayol (ce dimanche 28\u00a0d\u00e9cembre \u00e0 18\u00a0h) pour la&hellip;\n","protected":false},"author":2,"featured_media":625774,"comment_status":"","ping_status":"","sticky":false,"template":"","format":"standard","meta":{"footnotes":""},"categories":[2],"tags":[11,1011,27,12,3464,11548,25,68796,517,478],"class_list":{"0":"post-625773","1":"post","2":"type-post","3":"status-publish","4":"format-standard","5":"has-post-thumbnail","7":"category-actualites","8":"tag-actualites","9":"tag-fr","10":"tag-france","11":"tag-news","12":"tag-perpignan","13":"tag-pyrenees-orientales","14":"tag-republique-francaise","15":"tag-rugby-u00e0-xv","16":"tag-sport","17":"tag-top-14"},"share_on_mastodon":{"url":"https:\/\/pubeurope.com\/@fr\/115793249249513951","error":""},"_links":{"self":[{"href":"https:\/\/www.europesays.com\/fr\/wp-json\/wp\/v2\/posts\/625773","targetHints":{"allow":["GET"]}}],"collection":[{"href":"https:\/\/www.europesays.com\/fr\/wp-json\/wp\/v2\/posts"}],"about":[{"href":"https:\/\/www.europesays.com\/fr\/wp-json\/wp\/v2\/types\/post"}],"author":[{"embeddable":true,"href":"https:\/\/www.europesays.com\/fr\/wp-json\/wp\/v2\/users\/2"}],"replies":[{"embeddable":true,"href":"https:\/\/www.europesays.com\/fr\/wp-json\/wp\/v2\/comments?post=625773"}],"version-history":[{"count":0,"href":"https:\/\/www.europesays.com\/fr\/wp-json\/wp\/v2\/posts\/625773\/revisions"}],"wp:featuredmedia":[{"embeddable":true,"href":"https:\/\/www.europesays.com\/fr\/wp-json\/wp\/v2\/media\/625774"}],"wp:attachment":[{"href":"https:\/\/www.europesays.com\/fr\/wp-json\/wp\/v2\/media?parent=625773"}],"wp:term":[{"taxonomy":"category","embeddable":true,"href":"https:\/\/www.europesays.com\/fr\/wp-json\/wp\/v2\/categories?post=625773"},{"taxonomy":"post_tag","embeddable":true,"href":"https:\/\/www.europesays.com\/fr\/wp-json\/wp\/v2\/tags?post=625773"}],"curies":[{"name":"wp","href":"https:\/\/api.w.org\/{rel}","templated":true}]}}