{"id":625785,"date":"2025-12-27T19:56:23","date_gmt":"2025-12-27T19:56:23","guid":{"rendered":"https:\/\/www.europesays.com\/fr\/625785\/"},"modified":"2025-12-27T19:56:23","modified_gmt":"2025-12-27T19:56:23","slug":"on-en-avait-parle-cyprien-les-12-coups-de-midi-revele-ce-queric-lui-a-dit-en-marge-du-prime-de-noel","status":"publish","type":"post","link":"https:\/\/www.europesays.com\/fr\/625785\/","title":{"rendered":"\u00ab\u00a0On en avait parl\u00e9\u00a0\u00bb : Cyprien (Les 12 coups de midi) r\u00e9v\u00e8le ce qu\u2019Eric lui a dit en marge du prime de No\u00ebl"},"content":{"rendered":"<p>Un cap symbolique qu&rsquo;il ne voulait surtout pas rater. Ce samedi 27 d\u00e9cembre, lors de sa 99e participation aux 12 coups de midi sur TF1, Cyprien a d\u00e9voil\u00e9 une confidence que lui a faite \u00c9ric : l&rsquo;ancien Ma\u00eetre de midi lui a parl\u00e9 de son grand regret en marge du prime de No\u00ebl.<\/p>\n<p>Il n&rsquo;avait vraiment pas envie de passer \u00e0 c\u00f4t\u00e9. Ce samedi 27 d\u00e9cembre, Cyprien \u00e9tait pr\u00e9sent dans Les 12 coups de midi sur TF1 pour assurer sa 99e participation \u00e0 l&rsquo;\u00e9mission. En ouverture du programme, il a confi\u00e9 sa crainte de louper la 100e. \u00ab\u00a0Je suis toujours aussi content d&rsquo;\u00eatre sur ce plateau, mais peut-\u00eatre avec un tout petit peu de stress en plus sur celle-l\u00e0 particuli\u00e8rement\u00a0\u00bb, avoue le Ma\u00eetre de midi en place depuis le 19 septembre dernier. \u00ab\u00a0Ah oui, pourquoi ?\u00a0\u00bb, s&rsquo;amuse <a href=\"https:\/\/www.programme-tv.net\/biographie\/2099-reichmann-jean-luc\/\" data-link-people=\"f5b49b93-58e5-45b7-be63-499f37b1b108\" target=\"_blank\" rel=\"noopener\">Jean Luc Reichmann<\/a>. \u00ab\u00a0Parce que \u00e7a serait b\u00eate de s&rsquo;arr\u00eater \u00e0 la 99e\u00a0\u00bb, r\u00e9pond son candidat. \u00ab\u00a0Il y a quelque chose d&rsquo;un peu&#8230;\u00a0\u00bb, amorce-t-il avant de l\u00e2cher un cri de frustration imm\u00e9diatement imit\u00e9 par le pr\u00e9sentateur.<\/p>\n<p>\u00ab\u00a0Moi je me rappelle d&rsquo;\u00c9ric, le Breton, qui s&rsquo;est arr\u00eat\u00e9 \u00e0 la 199e\u00a0\u00bb, reprend l&rsquo;animateur \u00e9voquant <a href=\"https:\/\/www.programme-tv.net\/news\/tv\/394683-eric-gagnant-des-12-coups-de-noel-2025-la-victoire-est-pour-mon-neveu-disparu-cette-annee\/\" data-api-deeplink=\"teleloisirs:\/\/news\/394683\" target=\"_blank\" rel=\"noopener\">l&rsquo;ancien Ma\u00eetre de midi<\/a>, proche du million d&rsquo;euros de cagnotte lors de son \u00e9limination en juin 2022. \u00ab\u00a0On en avait parl\u00e9 juste apr\u00e8s le prime de No\u00ebl, parce qu&rsquo;on a un peu discut\u00e9, et il disait que le chef-d&rsquo;\u0153uvre n&rsquo;\u00e9tait pas achev\u00e9\u00a0\u00bb, d\u00e9voile alors l&rsquo;apprenti chef d&rsquo;orchestre. Le 24 d\u00e9cembre dernier, <a href=\"https:\/\/www.programme-tv.net\/news\/tv\/394720-cyprien-revient-duo-avec-kendji-girac-dans-les-12-coups-de-noel-cest-quelqu-un-de-tres-sympathique\/\" data-api-deeplink=\"teleloisirs:\/\/news\/394720\" target=\"_blank\" rel=\"noopener\">aux c\u00f4t\u00e9s<\/a> de <a href=\"https:\/\/www.programme-tv.net\/biographie\/259856-girac-kendji\/\" data-link-people=\"549bba55-5f44-494b-b889-835901203a73\" target=\"_blank\" rel=\"noopener\">Kendji Girac<\/a>, Cyprien a affront\u00e9 les duos compos\u00e9s d&rsquo;\u00c9ric et d&rsquo;Adil Rami, de Bruno et de <a href=\"https:\/\/www.programme-tv.net\/biographie\/4079818-marine-star-academy-2024\/\" data-link-people=\"31360ca9-a48c-4e34-ad8a-e8f960485015\" target=\"_blank\" rel=\"noopener\">Marine (Star Academy 2024<\/a>) ou encore d&rsquo;\u00c9milien et de <a href=\"https:\/\/www.programme-tv.net\/biographie\/2828-mathy-mimie\/\" data-link-people=\"90357e49-d9cf-4718-8d8d-dd34497e28ae\" target=\"_blank\" rel=\"noopener\">Mimie Mathy<\/a> lors des <a href=\"https:\/\/www.programme-tv.net\/news\/tv\/394779-les-12-coups-de-noel-2025-qui-a-gagne-le-prime-special-du-reveillon\/\" data-api-deeplink=\"teleloisirs:\/\/news\/394779\" target=\"_blank\" rel=\"noopener\">12 coups de No\u00ebl<\/a>. \u00ab\u00a0Je croise les doigts pour vous parce qu&rsquo;\u00e9videmment il y a quelques invit\u00e9s qui sont venus bien aiguis\u00e9s\u00a0\u00bb, lance Jean-Luc Reichmann avant de pr\u00e9senter les nouveaux candidats venus pour affronter Cyprien.<\/p>\n<p>                        Cyprien sera-t-il pr\u00e9sent pour sa 100e participation aux 12 coups de midi\u00a0?<\/p>\n<p>Malgr\u00e9 un passage au orange lors de la premi\u00e8re \u00e9preuve, le Ma\u00eetre de midi n&rsquo;a pas trembl\u00e9 lors du Coup par coup, et a acc\u00e9d\u00e9 au Coup fatal. Il a une fois de plus remport\u00e9 le duel final. En d\u00e9tr\u00f4nant <a href=\"https:\/\/www.programme-tv.net\/news\/tv\/394765-les-12-coups-de-midi-cyprien-deloge-un-maitre-de-midi-historique-du-classement-du-jeu\/\" data-api-deeplink=\"teleloisirs:\/\/news\/394765\" target=\"_blank\" rel=\"noopener\">L\u00e9o et ses 98 participations<\/a> la veille, Cyprien \u00e9tait mont\u00e9 9e au classement des Ma\u00eetres de midi. Ce dimanche 28 d\u00e9cembre 2025, il \u00e9galera V\u00e9ronique et ses 100 participations, et, en cas de victoire, se glissera en 7e position de l&rsquo;histoire du jeu diffus\u00e9 sur TF1.<\/p>\n<p>Article \u00e9crit en collaboration avec 6M\u00e9dias<\/p>\n","protected":false},"excerpt":{"rendered":"Un cap symbolique qu&rsquo;il ne voulait surtout pas rater. Ce samedi 27 d\u00e9cembre, lors de sa 99e participation&hellip;\n","protected":false},"author":2,"featured_media":625786,"comment_status":"","ping_status":"","sticky":false,"template":"","format":"standard","meta":{"footnotes":""},"categories":[1359],"tags":[4548,244,73495,58,59,73496,1011,27,73497,466,8050,27173,973,199,73498],"class_list":{"0":"post-625785","1":"post","2":"type-post","3":"status-publish","4":"format-standard","5":"has-post-thumbnail","7":"category-people","8":"tag-channel_tl-story","9":"tag-commentaire","10":"tag-cyprien-les-12-coups-de-midi","11":"tag-divertissement","12":"tag-entertainment","13":"tag-eric-les-12-coups-de-midi","14":"tag-fr","15":"tag-france","16":"tag-guid_6165641047001","17":"tag-les-12-coups-de-midi","18":"tag-les-douze-coups-de-midi","19":"tag-maitre-de-midi","20":"tag-people","21":"tag-tf1","22":"tag-uuid_ce8a26bf-b334-4b97-a35c-899e0fadd865"},"share_on_mastodon":{"url":"https:\/\/pubeurope.com\/@fr\/115793296415682442","error":""},"_links":{"self":[{"href":"https:\/\/www.europesays.com\/fr\/wp-json\/wp\/v2\/posts\/625785","targetHints":{"allow":["GET"]}}],"collection":[{"href":"https:\/\/www.europesays.com\/fr\/wp-json\/wp\/v2\/posts"}],"about":[{"href":"https:\/\/www.europesays.com\/fr\/wp-json\/wp\/v2\/types\/post"}],"author":[{"embeddable":true,"href":"https:\/\/www.europesays.com\/fr\/wp-json\/wp\/v2\/users\/2"}],"replies":[{"embeddable":true,"href":"https:\/\/www.europesays.com\/fr\/wp-json\/wp\/v2\/comments?post=625785"}],"version-history":[{"count":0,"href":"https:\/\/www.europesays.com\/fr\/wp-json\/wp\/v2\/posts\/625785\/revisions"}],"wp:featuredmedia":[{"embeddable":true,"href":"https:\/\/www.europesays.com\/fr\/wp-json\/wp\/v2\/media\/625786"}],"wp:attachment":[{"href":"https:\/\/www.europesays.com\/fr\/wp-json\/wp\/v2\/media?parent=625785"}],"wp:term":[{"taxonomy":"category","embeddable":true,"href":"https:\/\/www.europesays.com\/fr\/wp-json\/wp\/v2\/categories?post=625785"},{"taxonomy":"post_tag","embeddable":true,"href":"https:\/\/www.europesays.com\/fr\/wp-json\/wp\/v2\/tags?post=625785"}],"curies":[{"name":"wp","href":"https:\/\/api.w.org\/{rel}","templated":true}]}}