{"id":625787,"date":"2025-12-27T19:57:11","date_gmt":"2025-12-27T19:57:11","guid":{"rendered":"https:\/\/www.europesays.com\/fr\/625787\/"},"modified":"2025-12-27T19:57:11","modified_gmt":"2025-12-27T19:57:11","slug":"si-vous-vivez-dans-20-m%c2%b2-cette-decoratrice-dinterieur-a-une-regle-simple-pour-retrouver-confort-et-style","status":"publish","type":"post","link":"https:\/\/www.europesays.com\/fr\/625787\/","title":{"rendered":"Si vous vivez dans 20 m\u00b2, cette d\u00e9coratrice d\u2019int\u00e9rieur a une r\u00e8gle simple pour retrouver confort et style"},"content":{"rendered":"<p>Quand on vit dans 20 ou 30 m\u00b2, chaque chaise qui tra\u00eene ou<br \/>\nchaque pile de livres para\u00eet envahir la pi\u00e8ce. Beaucoup finissent<br \/>\npar se dire qu\u2019un petit logement rimera forc\u00e9ment avec renoncement,<br \/>\nmeubles pratiques mais moches et manque d\u2019intimit\u00e9. Cette<br \/>\nimpression de vivre dans une bo\u00eete encombr\u00e9e cr\u00e9e vite de la<br \/>\nfatigue visuelle et mentale.<\/p>\n<p>Pour la d\u00e9coratrice d\u2019int\u00e9rieur <strong>Laura Mart\u00ednez<\/strong>,<br \/>\nqui dirige son propre studio depuis plus de quinze ans, ce sc\u00e9nario<br \/>\nn\u2019a rien d\u2019in\u00e9vitable. Cette sp\u00e9cialiste des petits appartements<br \/>\nr\u00e9p\u00e8te que ce ne sont pas les m\u00e8tres carr\u00e9s qui fixent la qualit\u00e9<br \/>\nde vie, mais la fa\u00e7on dont on les pense. Une id\u00e9e simple, qui<br \/>\nchange tout.<\/p>\n<p>Laura Mart\u00ednez fait du design conscient la cl\u00e9 des petits<br \/>\nespaces<\/p>\n<p>Sa phrase f\u00e9tiche r\u00e9sume sa vision : \u00ab\u00a0Vivre dans un petit espace<br \/>\nne signifie pas renoncer au confort ni au design\u00a0\u00bb, explique Laura<br \/>\nMart\u00ednez, d\u2019apr\u00e8s le magazine El Mueble. Son \u00e9quipe a un objectif<br \/>\nclair : \u00ab\u00a0Nous travaillons pour que chaque m\u00e8tre carr\u00e9 se transforme<br \/>\nen une occasion d&rsquo;exprimer le style, la fonctionnalit\u00e9 et la<br \/>\npersonnalit\u00e9\u00a0\u00bb. Le projet commence toujours par des questions tr\u00e8s<br \/>\nconcr\u00e8tes sur le rythme de vie, les habitudes, le travail, les<br \/>\nloisirs.<\/p>\n<p>De l\u00e0 na\u00eet ce qu\u2019elle appelle un <strong>design<br \/>\nconscient<\/strong>. \u00ab\u00a0Profiter des petits espaces sans perdre le<br \/>\nstyle est une question de design conscient, d&rsquo;\u00e9quilibre et<br \/>\nd&rsquo;authenticit\u00e9\u00a0\u00bb, r\u00e9sume la d\u00e9coratrice. L\u2019id\u00e9e n\u2019est pas de remplir<br \/>\nles murs de solutions miracles, mais de dessiner un plan qui<br \/>\nsoutient la vie quotidienne : o\u00f9 poser le sac en rentrant, o\u00f9<br \/>\nt\u00e9l\u00e9travailler, comment recevoir des amis sans tout d\u00e9placer.<\/p>\n<p>Mobilier sur mesure et lumi\u00e8re : ses deux grandes alli\u00e9es<\/p>\n<p>Quand la surface est compt\u00e9e, Laura Mart\u00ednez mise sur le<br \/>\n<strong>mobilier sur mesure<\/strong>. \u00ab\u00a0Les meubles sur mesure sont<br \/>\nde grands alli\u00e9s quand il s&rsquo;agit d&rsquo;optimiser les m\u00e8tres\u00a0\u00bb,<br \/>\naffirme-t-elle. Elle con\u00e7oit des bancs-coffres sous les fen\u00eatres,<br \/>\ndes t\u00eates de lit avec \u00e9tag\u00e8res int\u00e9gr\u00e9es ou des biblioth\u00e8ques<br \/>\nencastr\u00e9es qui disparaissent presque dans l\u2019architecture.<br \/>\nL\u2019objectif : multiplier les rangements tout en gardant des lignes<br \/>\ncalmes et peu profondes.<\/p>\n<p>La lumi\u00e8re arrive juste apr\u00e8s dans sa liste de priorit\u00e9s. \u00ab\u00a0La<br \/>\nlumi\u00e8re joue un r\u00f4le fondamental. Renforcer la lumi\u00e8re naturelle au<br \/>\nmoyen de rideaux l\u00e9gers, de tissus translucides et de palettes<br \/>\nchromatiques douces aide \u00e0 ce que l&rsquo;ambiance soit per\u00e7ue comme plus<br \/>\nample et plus fra\u00eeche\u00a0\u00bb, d\u00e9crit Laura Mart\u00ednez. Elle compl\u00e8te<br \/>\ntoujours cette base avec plusieurs sources artificielles : rubans<br \/>\nLED cach\u00e9s, appliques murales et suspensions fines qui cr\u00e9ent de la<br \/>\nprofondeur sans prendre de place au sol.<\/p>\n<p>Couleurs, textures et ordre :<br \/>\ntransformer un petit appartement en cocon<\/p>\n<p>C\u00f4t\u00e9 palette, la d\u00e9coratrice privil\u00e9gie les tons clairs, mais<br \/>\njamais un blanc clinique. \u00ab\u00a0Les couleurs claires agrandissent<br \/>\nvisuellement les espaces, mais pour \u00e9viter la monotonie il est<br \/>\nessentiel d&rsquo;incorporer diff\u00e9rentes textures\u00a0\u00bb, explique-t-elle. Dans<br \/>\nses projets, on retrouve des bois naturels, des lins lav\u00e9s, des<br \/>\nc\u00e9ramiques artisanales et des pierres douces qui donnent du relief<br \/>\ntout en restant l\u00e9gers. Un studio de quelques m\u00e8tres carr\u00e9s devient<br \/>\nalors riche en sensations, sans \u00eatre charg\u00e9.<\/p>\n<p>Dans les petits logements, l\u2019ordre n\u2019est pas un bonus mais une<br \/>\nbase. \u00ab\u00a0L&rsquo;ordre et la coh\u00e9rence visuelle sont indispensables. Chaque<br \/>\nobjet doit avoir un but et une raison d&rsquo;\u00eatre l\u00e0 ; de cette mani\u00e8re,<br \/>\nl&rsquo;ambiance est per\u00e7ue comme harmonieuse et fonctionnelle\u00a0\u00bb, insiste<br \/>\nLaura Mart\u00ednez. Elle privil\u00e9gie les rangements ferm\u00e9s int\u00e9gr\u00e9s, les<br \/>\nmeubles double emploi et un tri r\u00e9gulier. Ce cadre permet de<br \/>\nvraiment <strong>vivre dans un petit appartement sans renoncer au<br \/>\nconfort ni au design<\/strong>, au lieu de subir l\u2019espace jour apr\u00e8s<br \/>\njour.<\/p>\n","protected":false},"excerpt":{"rendered":"Quand on vit dans 20 ou 30 m\u00b2, chaque chaise qui tra\u00eene ou chaque pile de livres para\u00eet&hellip;\n","protected":false},"author":2,"featured_media":625788,"comment_status":"","ping_status":"","sticky":false,"template":"","format":"standard","meta":{"footnotes":""},"categories":[1358],"tags":[4307,13041,1348,1384,1385,3477,69779,1446,53904,1386,70804,58,59,12219,1011,27,38871,471,7700,7473,21187,12558,1969,96,49108,4568],"class_list":{"0":"post-625787","1":"post","2":"type-post","3":"status-publish","4":"format-standard","5":"has-post-thumbnail","7":"category-arts-et-design","8":"tag-4307","9":"tag-a","10":"tag-arts","11":"tag-arts-and-design","12":"tag-arts-et-design","13":"tag-cette","14":"tag-confort","15":"tag-dans","16":"tag-decoratrice","17":"tag-design","18":"tag-dinterieur","19":"tag-divertissement","20":"tag-entertainment","21":"tag-et","22":"tag-fr","23":"tag-france","24":"tag-m","25":"tag-pour","26":"tag-regle","27":"tag-retrouver","28":"tag-si","29":"tag-simple","30":"tag-style","31":"tag-une","32":"tag-vivez","33":"tag-vous"},"share_on_mastodon":{"url":"https:\/\/pubeurope.com\/@fr\/115793300209989522","error":""},"_links":{"self":[{"href":"https:\/\/www.europesays.com\/fr\/wp-json\/wp\/v2\/posts\/625787","targetHints":{"allow":["GET"]}}],"collection":[{"href":"https:\/\/www.europesays.com\/fr\/wp-json\/wp\/v2\/posts"}],"about":[{"href":"https:\/\/www.europesays.com\/fr\/wp-json\/wp\/v2\/types\/post"}],"author":[{"embeddable":true,"href":"https:\/\/www.europesays.com\/fr\/wp-json\/wp\/v2\/users\/2"}],"replies":[{"embeddable":true,"href":"https:\/\/www.europesays.com\/fr\/wp-json\/wp\/v2\/comments?post=625787"}],"version-history":[{"count":0,"href":"https:\/\/www.europesays.com\/fr\/wp-json\/wp\/v2\/posts\/625787\/revisions"}],"wp:featuredmedia":[{"embeddable":true,"href":"https:\/\/www.europesays.com\/fr\/wp-json\/wp\/v2\/media\/625788"}],"wp:attachment":[{"href":"https:\/\/www.europesays.com\/fr\/wp-json\/wp\/v2\/media?parent=625787"}],"wp:term":[{"taxonomy":"category","embeddable":true,"href":"https:\/\/www.europesays.com\/fr\/wp-json\/wp\/v2\/categories?post=625787"},{"taxonomy":"post_tag","embeddable":true,"href":"https:\/\/www.europesays.com\/fr\/wp-json\/wp\/v2\/tags?post=625787"}],"curies":[{"name":"wp","href":"https:\/\/api.w.org\/{rel}","templated":true}]}}