{"id":625789,"date":"2025-12-27T19:59:11","date_gmt":"2025-12-27T19:59:11","guid":{"rendered":"https:\/\/www.europesays.com\/fr\/625789\/"},"modified":"2025-12-27T19:59:11","modified_gmt":"2025-12-27T19:59:11","slug":"star-academy-avant-le-prime-decisif-pour-la-suite-de-laventure-un-eleve-face-a-un-probleme-dampleur-au-pire-moment","status":"publish","type":"post","link":"https:\/\/www.europesays.com\/fr\/625789\/","title":{"rendered":"Star Academy : avant le prime d\u00e9cisif pour la suite de l&rsquo;aventure, un \u00e9l\u00e8ve face \u00e0 un probl\u00e8me d&rsquo;ampleur au \u00ab\u00a0pire moment\u00a0\u00bb"},"content":{"rendered":"<p>La suite apr\u00e8s la publicit\u00e9<\/p>\n<p>Au ch\u00e2teau de Dammarie-les-Lys, ils sont sept \u00e0 retenir leur respiration&#8230; Car ce samedi 27 d\u00e9cembre, les \u00e9l\u00e8ves de la <a href=\"https:\/\/www.purepeople.com\/article\/nikos-aliagas-surpris-dans-la-chanson-secrete-sur-tf1-avec-deux-candidates-de-la-star-academy-et-julia-vignali-presente-pour-kad-merad_a545857\/1\" target=\"_blank\" rel=\"noopener\">Star Academy<\/a> vont vivre <strong>un prime particuli\u00e8rement stressant<\/strong>. Hormis L\u00e9a, immunis\u00e9e, ils vont tous devoir d\u00e9fendre leur place lors d<a href=\"https:\/\/www.purepeople.com\/article\/star-academy-qui-sera-sur-le-banc-des-nommes-lors-du-prime-les-pronostics_a545905\/1\" target=\"_blank\" rel=\"noopener\">&lsquo;\u00e9valuations qui auront lieu en direct<\/a> sur TF1 ! Ambre, Sarah, Anouk, M\u00e9lissa, Bastiaan, Th\u00e9o et Victor vont donc donner le meilleur d&rsquo;eux pour tenter de se qualifier pour, au moins, une semaine suppl\u00e9mentaire d&rsquo;aventure. Et si on les imagine stress\u00e9s, il y en a un qui doit l&rsquo;\u00eatre plus que les autres.<\/p>\n<p>Dans la quotidienne du 27 d\u00e9cembre, en effet, les t\u00e9l\u00e9spectateurs ont pu d\u00e9couvrir que <strong>Th\u00e9o ne se sentait pas du tout dans son assiette<\/strong>. Alors que ses camarades se rendaient au cours de sport, l&rsquo;\u00e9l\u00e8ve de la Star Academy a demand\u00e9 \u00e0 parler \u00e0 <a href=\"https:\/\/www.purepeople.com\/people\/ladji-doucoure_p1537\" target=\"_blank\" rel=\"noopener\">Ladji Doucour\u00e9<\/a> de son \u00e9tat de sant\u00e9. \u00ab\u00a0Je commence \u00e0 tomber malade\u00a0\u00bb, a-t-il r\u00e9v\u00e9l\u00e9, tout en expliquant avoir <strong>\u00ab\u00a0un peu de fi\u00e8vre et des courbatures\u00a0\u00bb<\/strong>. Il a donc d\u00e9cid\u00e9 de se pr\u00e9server au maximum \u00e0 quelques heures du prime.<\/p>\n<p>Avant le prime des \u00e9valuations en direct, Th\u00e9o souffre<\/p>\n<p>\u00ab\u00a0Je pr\u00e9f\u00e8re ne pas forcer parce que j&rsquo;ai d\u00e9j\u00e0 des courbatures alors que je n&rsquo;ai pas fait de sport. Je n&rsquo;ai pas envie de me rajouter ce poids-l\u00e0 demain ou dans la journ\u00e9e, a-t-il confi\u00e9 \u00e0 son prof de sport. J&rsquo;ai envie d&rsquo;\u00eatre au maximum de mes capacit\u00e9s sur le prime, donc je me m\u00e9nage.\u00a0\u00bb Visiblement inquiet de son \u00e9tat de sant\u00e9, <a href=\"https:\/\/www.purepeople.com\/article\/portrait-star-academy-2025-theo-p-24-ans-comptabilisait-deja-des-milliers-dabonnes-sur-les-reseaux-sociaux-avant-dintegrer-laventure_a543941\/1\" target=\"_blank\" rel=\"noopener\">Th\u00e9o<\/a> pourrait le payer cher&#8230; <strong>\u00ab\u00a0C&rsquo;est le pire moment pour tomber malade\u00a0\u00bb<\/strong>, a regrett\u00e9 le chanteur de 25 ans.<\/p>\n<p>\u00ab\u00a0Tu as 24 heures pour te soigner, lui a r\u00e9pondu Ladji Doucour\u00e9. Je ne sais pas si c&rsquo;est un conseil que je peux te donner, mais transpire. \u00c9vacue le truc.\u00a0\u00bb Angoiss\u00e9 de ne pas pouvoir \u00eatre \u00e0 100 % sur le plateau pour ce prime sp\u00e9cial, Th\u00e9o croit savoir d&rsquo;o\u00f9 vient cette maladie hivernale. \u00ab\u00a0Je suis s\u00fbr que c&rsquo;est toutes les familles. Tous les c\u00e2lins, les virus de l&rsquo;ext\u00e9rieur&#8230; C&rsquo;est s\u00fbr\u00a0\u00bb, a-t-il conclu. Comme les autres candidats de la Star Academy, en effet, <strong>Th\u00e9o a pu retrouver quelques-uns de ses proches<\/strong> pour les f\u00eates de fin d&rsquo;ann\u00e9e.<\/p>\n<p>Un coup de t\u00e9l\u00e9phone bouleversant pour Th\u00e9o<\/p>\n<p>Mais pas sa petite amie&#8230; <strong>S\u00e9par\u00e9 de Valentine depuis trois mois <\/strong>et son entr\u00e9e au ch\u00e2teau, Th\u00e9o a d&rsquo;ailleurs v\u00e9cu un coup de t\u00e9l\u00e9phone particuli\u00e8rement \u00e9mouvant \u00e0 la veille du prime. \u00ab\u00a0En vrai, l\u00e0, je souffre trop, j&rsquo;en ai marre (&#8230;) Tu me manques, lui a confi\u00e9 sa ch\u00e9rie, en pleurs. Je t&rsquo;aime trop comme avant.\u00a0\u00bb Boulevers\u00e9 par Valentine, il a voulu la rassurer : \u00ab\u00a0Val, \u00e7a va le faire, OK ? Je donne le max parce que tu sais qu&rsquo;artistiquement, j&rsquo;ai besoin d&rsquo;\u00eatre l\u00e0, \u00e7a va le faire. Je vais sortir, \u00e7a va \u00eatre pareil. <strong>Mon chat, courage, je t&rsquo;aime tr\u00e8s fort<\/strong>. Il n&rsquo;y a rien qui changera.\u00a0\u00bb<\/p>\n<p>\u00ab\u00a0C&rsquo;est horrible, tu ne peux rien faire, a-t-il confi\u00e9 \u00e0 ses camarades apr\u00e8s avoir raccroch\u00e9 avec elle. C&rsquo;est de passer les f\u00eates sans moi et de se sentir tellement seule, c&rsquo;est hyper long. \u00c7a me met mal.\u00a0\u00bb Entre l&rsquo;\u00e9loignement avec sa petite amie et son \u00e9tat de sant\u00e9 pr\u00e9caire, <strong>Th\u00e9o r\u00e9ussira-t-il son \u00e9valuation en direct<\/strong> ? Ce 27 d\u00e9cembre, c&rsquo;est avec le tube J\u2019ai encore r\u00eav\u00e9 d\u2019elle de Il \u00e9tait une fois qu&rsquo;il va tout donner pour retourner au ch\u00e2teau.<\/p>\n","protected":false},"excerpt":{"rendered":"La suite apr\u00e8s la publicit\u00e9 Au ch\u00e2teau de Dammarie-les-Lys, ils sont sept \u00e0 retenir leur respiration&#8230; Car ce&hellip;\n","protected":false},"author":2,"featured_media":625790,"comment_status":"","ping_status":"","sticky":false,"template":"","format":"standard","meta":{"footnotes":""},"categories":[1356],"tags":[58,59,1011,27,252,1364],"class_list":{"0":"post-625789","1":"post","2":"type-post","3":"status-publish","4":"format-standard","5":"has-post-thumbnail","7":"category-television","8":"tag-divertissement","9":"tag-entertainment","10":"tag-fr","11":"tag-france","12":"tag-television","13":"tag-tv"},"share_on_mastodon":{"url":"https:\/\/pubeurope.com\/@fr\/115793308326122913","error":""},"_links":{"self":[{"href":"https:\/\/www.europesays.com\/fr\/wp-json\/wp\/v2\/posts\/625789","targetHints":{"allow":["GET"]}}],"collection":[{"href":"https:\/\/www.europesays.com\/fr\/wp-json\/wp\/v2\/posts"}],"about":[{"href":"https:\/\/www.europesays.com\/fr\/wp-json\/wp\/v2\/types\/post"}],"author":[{"embeddable":true,"href":"https:\/\/www.europesays.com\/fr\/wp-json\/wp\/v2\/users\/2"}],"replies":[{"embeddable":true,"href":"https:\/\/www.europesays.com\/fr\/wp-json\/wp\/v2\/comments?post=625789"}],"version-history":[{"count":0,"href":"https:\/\/www.europesays.com\/fr\/wp-json\/wp\/v2\/posts\/625789\/revisions"}],"wp:featuredmedia":[{"embeddable":true,"href":"https:\/\/www.europesays.com\/fr\/wp-json\/wp\/v2\/media\/625790"}],"wp:attachment":[{"href":"https:\/\/www.europesays.com\/fr\/wp-json\/wp\/v2\/media?parent=625789"}],"wp:term":[{"taxonomy":"category","embeddable":true,"href":"https:\/\/www.europesays.com\/fr\/wp-json\/wp\/v2\/categories?post=625789"},{"taxonomy":"post_tag","embeddable":true,"href":"https:\/\/www.europesays.com\/fr\/wp-json\/wp\/v2\/tags?post=625789"}],"curies":[{"name":"wp","href":"https:\/\/api.w.org\/{rel}","templated":true}]}}