{"id":625799,"date":"2025-12-27T20:05:12","date_gmt":"2025-12-27T20:05:12","guid":{"rendered":"https:\/\/www.europesays.com\/fr\/625799\/"},"modified":"2025-12-27T20:05:12","modified_gmt":"2025-12-27T20:05:12","slug":"pourquoi-les-armoires-blanches-disparaissent-des-cuisines-en-2026","status":"publish","type":"post","link":"https:\/\/www.europesays.com\/fr\/625799\/","title":{"rendered":"Pourquoi les armoires blanches disparaissent des cuisines en 2026"},"content":{"rendered":"<p>Envie de changer d\u00a0\u00bbenvironnement dans la cuisine ? Vous \u00eates au<br \/>\nbon endroit ! On vous propose aujourd&rsquo;hui de d\u00e9couvrir les<br \/>\ntendances de l&rsquo;ann\u00e9e \u00e0 venir. Et le moins que l&rsquo;on puisse dire,<br \/>\nc&rsquo;est que vous risquez d&rsquo;\u00eatre surpris, car un grand retour \u00e0<br \/>\nl&rsquo;ancien s&rsquo;impose en 2026.<\/p>\n<p>2026 : pourquoi il faut oublier les tendances cuisine du<br \/>\npass\u00e9<\/p>\n<p>Il y a plusieurs ann\u00e9es de cela, voire des d\u00e9cennies, une<br \/>\ntendance a surpass\u00e9 toutes les autres dans <a href=\"https:\/\/www.lejournaldelamaison.fr\/le-journal-de-la-maison\/piece-par-piece\/cuisine-salle-a-manger-le-journal-de-la-maison\/cuisines-modernes\/tendance-cuisine-materiau-metal-chrome-inox-502112.html\" target=\"_blank\" rel=\"noopener\">nos cuisines<\/a> : <strong>le<br \/>\nmoderne<\/strong>. Les portes des \u00e9l\u00e9ments sont devenues<br \/>\nimpeccablement <strong>lisses<\/strong>. Les cuisines d&rsquo;ordinaire<br \/>\ntravaill\u00e9es et surcharg\u00e9es ont mut\u00e9 pour devenir des espaces<br \/>\nparfaitement <strong>rang\u00e9, immacul\u00e9<\/strong> et d&rsquo;une<br \/>\n<strong>sobri\u00e9t\u00e9 tir\u00e9e \u00e0 l&rsquo;extr\u00eame.\u00a0<\/strong><\/p>\n<p><a href=\"https:\/\/www.lejournaldelamaison.fr\/le-journal-de-la-maison\/piece-par-piece\/salon\/deco-salon\/cest-meilleure-couleur-temps-pour-salon-selon-architectes-501750.html\" target=\"_blank\" rel=\"noopener\">C\u00f4t\u00e9 couleurs<\/a>, les \u00e9l\u00e9ments<br \/>\n<strong>blancs, gris ou rouges<\/strong> ont fait leur temps, durant<br \/>\npeut-\u00eatre un peu trop longtemps. Sans parler des <strong>finitions<br \/>\nlaqu\u00e9es<\/strong> qui ont presque s\u00e9journ\u00e9 dans toutes les cuisines<br \/>\nde France. Mais en 2025, la donne change consid\u00e9rablement.<br \/>\n<strong>Un retour \u00e0 l&rsquo;ancien<\/strong> se fraye un chemin certain,<br \/>\net on doit admettre que cela n&rsquo;est pas pour nous d\u00e9plaire.<\/p>\n<p>Cette tendance \u00e0 suivre de tr\u00e8s pr\u00e8s en 2026<\/p>\n<p>Exit les cuisines aux portes blanches,<br \/>\n<strong>franchement ennuyeuses.<\/strong> On s&rsquo;\u00e9mancipe cette ann\u00e9e<br \/>\nde la page blanche et on la remplit bien comme il faut ! Pour vos<br \/>\n\u00e9l\u00e9ments de cuisine, le <strong>retour \u00e0 l&rsquo;ancien<\/strong> est<br \/>\nvraiment <a href=\"https:\/\/www.lejournaldelamaison.fr\/le-journal-de-la-maison\/nouveautes\/tendances\/revetement-deco-design-mieux-que-beton-cire-chukum-500256.html\" target=\"_blank\" rel=\"noopener\">la tendance<\/a> \u00e0 adopter. Vous<br \/>\npouvez faire le choix de transformer de <strong>vieux vaisseliers<br \/>\nou de vieux buffets<\/strong> en nouveaux \u00e9l\u00e9ments bas ou en un \u00eelot<br \/>\ncentral.<\/p>\n<p>Si le style un peu <strong>trop rustique<\/strong> du mobilier<br \/>\nancien en bois ne vous convient pas, ce n&rsquo;est pas grave. Optez pour<br \/>\ndes portes <strong>plus travaill\u00e9es, stri\u00e9es, rainur\u00e9es,<br \/>\nmoulur\u00e9es.<\/strong> Peu importe ! En 2025, on veut de la texture et<br \/>\nde la mati\u00e8re pour cr\u00e9er du relief et <strong>une histoire \u00e0<br \/>\nraconter.\u00a0<\/strong><\/p>\n<p>Ces \u00e9l\u00e9ments vont compl\u00e9ter votre<br \/>\ncuisine avec \u00e9l\u00e9gance en 2026<\/p>\n<p>Pour les couleurs, allez-y franco. On se passe des couleurs<br \/>\npastel, mais on \u00e9vite aussi le rouge criard. Choisissez <strong>un<br \/>\njoli vert, un jaune poussin, un aubergine ou un mocha<br \/>\nmousse<\/strong>, faites-vous plaisir et osez passer le cap. Les<br \/>\nmati\u00e8res des finitions suivent la m\u00eame logique. Laiton, inox, bois<br \/>\net pourquoi pas plexiglas ? <strong>Plus il y en a, plus on<br \/>\nadore.<\/strong><\/p>\n<p>Enfin, comme le rapporte Elle, la d\u00e9coration se veut<br \/>\ncharg\u00e9e, rappelant <strong>celle de nos anc\u00eatres.<\/strong> Cela ne<br \/>\nveut pas dire pour autant de choisir des milliers de bibelots sur<br \/>\nlesquels il faudra faire la poussi\u00e8re chaque semaine. Vous pouvez<br \/>\nchoisir <strong>plusieurs belles pi\u00e8ces<\/strong> qui sauront se<br \/>\nr\u00e9pondre. <a href=\"https:\/\/www.lejournaldelamaison.fr\/le-journal-de-la-maison\/decoration-par-style\/industriel-et-vintage\/fouillez-dans-les-tiroirs-de-vos-parents-ces-couverts-anciens-valent-aujourdhui-de-lor-498711.html\" target=\"_blank\" rel=\"noopener\">La vaisselle<\/a> suit la m\u00eame<br \/>\nlogique. <strong>Travaill\u00e9e et color\u00e9e<\/strong>, elle peut autant<br \/>\nse chiner que se retrouver sur les sites d\u00e9co les plus tendances du<br \/>\nmoment.<\/p>\n","protected":false},"excerpt":{"rendered":"Envie de changer d\u00a0\u00bbenvironnement dans la cuisine ? Vous \u00eates au bon endroit ! On vous propose aujourd&rsquo;hui&hellip;\n","protected":false},"author":2,"featured_media":625800,"comment_status":"","ping_status":"","sticky":false,"template":"","format":"standard","meta":{"footnotes":""},"categories":[8],"tags":[5734,41309,58218,3012,154,73502,58,3026,59,12219,1011,27,151,43926,5912,7555,5577,1990],"class_list":{"0":"post-625799","1":"post","2":"type-post","3":"status-publish","4":"format-standard","5":"has-post-thumbnail","7":"category-divertissement","8":"tag-5734","9":"tag-armoires","10":"tag-blanches","11":"tag-cuisines","12":"tag-des","13":"tag-disparaissent","14":"tag-divertissement","15":"tag-en","16":"tag-entertainment","17":"tag-et","18":"tag-fr","19":"tag-france","20":"tag-les","21":"tag-maintenant","22":"tag-par","23":"tag-pourquoi","24":"tag-quoi","25":"tag-remplacer"},"share_on_mastodon":{"url":"https:\/\/pubeurope.com\/@fr\/115793331727756744","error":""},"_links":{"self":[{"href":"https:\/\/www.europesays.com\/fr\/wp-json\/wp\/v2\/posts\/625799","targetHints":{"allow":["GET"]}}],"collection":[{"href":"https:\/\/www.europesays.com\/fr\/wp-json\/wp\/v2\/posts"}],"about":[{"href":"https:\/\/www.europesays.com\/fr\/wp-json\/wp\/v2\/types\/post"}],"author":[{"embeddable":true,"href":"https:\/\/www.europesays.com\/fr\/wp-json\/wp\/v2\/users\/2"}],"replies":[{"embeddable":true,"href":"https:\/\/www.europesays.com\/fr\/wp-json\/wp\/v2\/comments?post=625799"}],"version-history":[{"count":0,"href":"https:\/\/www.europesays.com\/fr\/wp-json\/wp\/v2\/posts\/625799\/revisions"}],"wp:featuredmedia":[{"embeddable":true,"href":"https:\/\/www.europesays.com\/fr\/wp-json\/wp\/v2\/media\/625800"}],"wp:attachment":[{"href":"https:\/\/www.europesays.com\/fr\/wp-json\/wp\/v2\/media?parent=625799"}],"wp:term":[{"taxonomy":"category","embeddable":true,"href":"https:\/\/www.europesays.com\/fr\/wp-json\/wp\/v2\/categories?post=625799"},{"taxonomy":"post_tag","embeddable":true,"href":"https:\/\/www.europesays.com\/fr\/wp-json\/wp\/v2\/tags?post=625799"}],"curies":[{"name":"wp","href":"https:\/\/api.w.org\/{rel}","templated":true}]}}