{"id":625807,"date":"2025-12-27T20:09:22","date_gmt":"2025-12-27T20:09:22","guid":{"rendered":"https:\/\/www.europesays.com\/fr\/625807\/"},"modified":"2025-12-27T20:09:22","modified_gmt":"2025-12-27T20:09:22","slug":"attaques-au-couteau-dans-le-metro-parisien-les-transports-en-commun-franciliens-sont-ils-suffisamment-securises-le-figaro","status":"publish","type":"post","link":"https:\/\/www.europesays.com\/fr\/625807\/","title":{"rendered":"Attaques au couteau dans le m\u00e9tro parisien : les transports en commun franciliens sont-ils suffisamment s\u00e9curis\u00e9s ? &#8211; Le Figaro"},"content":{"rendered":"<ol>\n<li><a href=\"https:\/\/news.google.com\/rss\/articles\/CBMi7AFBVV95cUxPUWpiLU1yT0dld3Y1T2oxcnFjMGZWRWhNTnNWZjJsdEZNWVM5Ri1keU1kWC13VHRicFNxMjBzclZNR2RIaVhsN0ltTVZSbmtXaDlEQk5wNzQ2U081YzFwcnRQOGRsNmU5bWNObnpEOUstUzZzbklVZ3p3cmZNd0ItOHJXY2VqYS1mWFNENmhoelBRb0dyVGVuX0R1QW5oaDJVaTRXTnpyWEVmbVBYcHAteEhQa0JMa1dDdW5aSHhWNXl3MUpITDY5Y2ZqSDlBaE4xbVFTaUFiMnU5MnlIVFg2dHZOX3NObERYSEpLcA?oc=5\" target=\"_blank\" rel=\"noopener\">Attaques au couteau dans le m\u00e9tro parisien : les transports en commun franciliens sont-ils suffisamment s\u00e9curis\u00e9s ?<\/a>&nbsp;&nbsp;Le Figaro<\/li>\n<li><a href=\"https:\/\/news.google.com\/rss\/articles\/CBMi4wFBVV95cUxOdGJHMENoM0RpRkhPVGJBOXhKal8yaUpkdVpPQzRvVVYyb0VUUFlMbW1GdU5scGxpbE0xUnFMQnF6N1hBRWRmWnM5bUphVUZpOWlCWC1XSFV3Z1ZGSVZBY1RyUGdpMjdGdWo0T0FoVUt1RUN0Ri16YjdPTExFVENvUkY3Zk5BZHFyYkpYejE0dDdfZmdRaVlWcHZ6aFh5YmhPSG9lQ1ZfZ0hXUVpHcFc0bF92bWNRbzd4dk5mOTJjUDVlcGpmZktBT0RfamxFeHB0V2pwdS1fQ2xqb2txMWdWNndlYw?oc=5\" target=\"_blank\" rel=\"noopener\">A Paris, trois femmes l\u00e9g\u00e8rement bless\u00e9es \u00e0 l\u2019arme blanche dans le m\u00e9tro, l\u2019agresseur en situation d\u2019OQTF a \u00e9t\u00e9 interpell\u00e9<\/a>&nbsp;&nbsp;Le Monde.fr<\/li>\n<li><a href=\"https:\/\/news.google.com\/rss\/articles\/CBMihAJBVV95cUxPRmVrZnZlb3BGd3pBejlueFlTTzg0S2tMbjlEdVhPUWNIZWE1b2JEeE9XVW9KbjROVG85ZmwtOW1JOEdlMUZkQ3M3dFVMV2NIeTg2VkN1b2dabWdBME5lcGpQdmFfTllIaWhmSFRFb0V4eWx3TXVuQ1NlbDh0elZ6Y25NVlhrRFNZYl9tdXRuRVI5amFqTm9aWU5ZVFFqTW9MLUdlb2dkbVhkU1JJTWtlNlhjcnVqVDU3MWMzeXk5SzdjbHdNcmhJWmYwQ2Fzb3QzUUxvTFluaERCbEt3YzBzWFBEWFFsN2I1UW1vV2I1U1dFbjRhbGh3TzZhcEhNY1lhSlFRLQ?oc=5\" target=\"_blank\" rel=\"noopener\">Il a agi \u00ab\u00a0pour se soulager\u00a0\u00bb : le suspect de l&rsquo;attaque au couteau \u00e0 Paris a livr\u00e9 de premi\u00e8res explications apr\u00e8s son geste<\/a>&nbsp;&nbsp;RTL.fr<\/li>\n<li><a href=\"https:\/\/news.google.com\/rss\/articles\/CBMi0wFBVV95cUxNSFNZVl95VThMcUhxWVg5OUJiV0dXeXFNY2ZKR3p3Vjl6ZjRpcTF6U0VzVWhoY0hOeG9rVzFCXy1YZVFpc05qM0NaVEJMMjctV245VGsxQm9xaExCakRhUnZhLXA0RTh5MUlLZW9PUmF3TmFRLXdPUXRTVWxnRUFtZkZod0tNWnhPUVRGUkJEVXgyc0gxSWtvRUZoQmRhajd3TUxQR0lpWDBhSXptV2pFOThRaWlsd0Rad1JUVm1INlExa1RDZXlMT2ZnSHVpY19PNVQ0?oc=5\" target=\"_blank\" rel=\"noopener\">Ce que l&rsquo;on sait de l&rsquo;homme soup\u00e7onn\u00e9 d&rsquo;avoir poignard\u00e9 trois femmes dans le m\u00e9tro de Paris<\/a>&nbsp;&nbsp;BFM<\/li>\n<li><a href=\"https:\/\/news.google.com\/rss\/articles\/CBMimAJBVV95cUxQdjJEbGZ6dHhIeFhsTDh1SlJTV2N2bVA3Ynk0THFaMXR3SWFsZE1YaFdjLUN4S3cxdzBNamQtNl9uRFZJdDE0Zmhkd0MtOUNadUYwQnhwLVNfbDBHWURVS2Z1bU8tTzJGMmFWMzF3dDgwMFU4cDA0Y3g2SVFfNUxYMWF6dzRiNG8xRGFZT3hYc0FURUJsUEVBU2Q0TVA2RUtDUE4wZG9oejlWdk5hdEN0UG1LZTRiTFM1aUNtazJwTzM1Q3h1eXhNWUNCX1hlclZReXZfTVM0VmpGZmtCZWkwNkVxTTJsLXFyMEdCbjIwTFZEUlFWd0ExbkljelF1OGItSTJIdjJqQUZIVWdIREtMWEFQMS16SFJK?oc=5\" target=\"_blank\" rel=\"noopener\">Col\u00e8re des politiques \u00e0 droite apr\u00e8s la triple attaque au couteau dans le m\u00e9tro parisien : \u00ab C&rsquo;est cela l\u2019effondrement d\u2019un grand pays\u00bb, affirme David Lisnard<\/a>&nbsp;&nbsp;europe1.fr<\/li>\n<\/ol>\n","protected":false},"excerpt":{"rendered":"Attaques au couteau dans le m\u00e9tro parisien : les transports en commun franciliens sont-ils suffisamment s\u00e9curis\u00e9s ?&nbsp;&nbsp;Le Figaro&hellip;\n","protected":false},"author":2,"featured_media":625808,"comment_status":"","ping_status":"","sticky":false,"template":"","format":"standard","meta":{"footnotes":""},"categories":[4],"tags":[11,1011,27,12,25,656,2216],"class_list":{"0":"post-625807","1":"post","2":"type-post","3":"status-publish","4":"format-standard","5":"has-post-thumbnail","7":"category-france","8":"tag-actualites","9":"tag-fr","10":"tag-france","11":"tag-news","12":"tag-republique-francaise","13":"tag-securite","14":"tag-transports-en-commun"},"share_on_mastodon":{"url":"https:\/\/pubeurope.com\/@fr\/115793347539077185","error":""},"_links":{"self":[{"href":"https:\/\/www.europesays.com\/fr\/wp-json\/wp\/v2\/posts\/625807","targetHints":{"allow":["GET"]}}],"collection":[{"href":"https:\/\/www.europesays.com\/fr\/wp-json\/wp\/v2\/posts"}],"about":[{"href":"https:\/\/www.europesays.com\/fr\/wp-json\/wp\/v2\/types\/post"}],"author":[{"embeddable":true,"href":"https:\/\/www.europesays.com\/fr\/wp-json\/wp\/v2\/users\/2"}],"replies":[{"embeddable":true,"href":"https:\/\/www.europesays.com\/fr\/wp-json\/wp\/v2\/comments?post=625807"}],"version-history":[{"count":0,"href":"https:\/\/www.europesays.com\/fr\/wp-json\/wp\/v2\/posts\/625807\/revisions"}],"wp:featuredmedia":[{"embeddable":true,"href":"https:\/\/www.europesays.com\/fr\/wp-json\/wp\/v2\/media\/625808"}],"wp:attachment":[{"href":"https:\/\/www.europesays.com\/fr\/wp-json\/wp\/v2\/media?parent=625807"}],"wp:term":[{"taxonomy":"category","embeddable":true,"href":"https:\/\/www.europesays.com\/fr\/wp-json\/wp\/v2\/categories?post=625807"},{"taxonomy":"post_tag","embeddable":true,"href":"https:\/\/www.europesays.com\/fr\/wp-json\/wp\/v2\/tags?post=625807"}],"curies":[{"name":"wp","href":"https:\/\/api.w.org\/{rel}","templated":true}]}}