{"id":625810,"date":"2025-12-27T20:11:22","date_gmt":"2025-12-27T20:11:22","guid":{"rendered":"https:\/\/www.europesays.com\/fr\/625810\/"},"modified":"2025-12-27T20:11:22","modified_gmt":"2025-12-27T20:11:22","slug":"cette-commune-devenue-au-fil-du-temps-un-quartier","status":"publish","type":"post","link":"https:\/\/www.europesays.com\/fr\/625810\/","title":{"rendered":"cette commune devenue au fil du temps un quartier"},"content":{"rendered":"<p>\u00c0Terrenoire, le r\u00e9am\u00e9nagement des zones d\u2019habitat du centre du bourg pr\u00e9voyait la cr\u00e9ation de cheminements pi\u00e9tonniers reliant le nouvel ensemble immobilier au quartier du Bas-Vernay et \u00e0 la place Aristide-Briand par une passerelle enjambant l\u2019avenue du Pilat. Mais ce programme n\u2019a jamais \u00e9t\u00e9 achev\u00e9. La friche restante a \u00e9t\u00e9 r\u00e9am\u00e9nag\u00e9e et en partie affect\u00e9e \u00e0 la construction d\u2019une nouvelle \u00e9cole maternelle publique, qui a ouvert en janvier\u00a02001.<\/p>\n<p>Par la suite, l\u2019attention des pouvoirs publics s\u2019est port\u00e9e sur les \u00e9quipements urbains. Vaste espace central, la place Jean-et-Hippolyte-Vial a \u00e9t\u00e9 \u00e9tendue et rendue en grande partie pi\u00e9tonne en 1986 avec la disparition de la voie ferr\u00e9e du Coucou. <\/p>\n<p>Au&#8230;<\/p>\n","protected":false},"excerpt":{"rendered":"\u00c0Terrenoire, le r\u00e9am\u00e9nagement des zones d\u2019habitat du centre du bourg pr\u00e9voyait la cr\u00e9ation de cheminements pi\u00e9tonniers reliant le&hellip;\n","protected":false},"author":2,"featured_media":625811,"comment_status":"","ping_status":"","sticky":false,"template":"","format":"standard","meta":{"footnotes":""},"categories":[9653],"tags":[1111,11,2430,1687,7539,1777,674,1011,27,12,2661,25,4001,7538],"class_list":{"0":"post-625810","1":"post","2":"type-post","3":"status-publish","4":"format-standard","5":"has-post-thumbnail","7":"category-saint-etienne","8":"tag-actu","9":"tag-actualites","10":"tag-auvergne-rhone-alpes","11":"tag-culture-loisirs","12":"tag-edition-loire-sud","13":"tag-eu","14":"tag-europe","15":"tag-fr","16":"tag-france","17":"tag-news","18":"tag-patrimoine-culturel","19":"tag-republique-francaise","20":"tag-saint-etienne","21":"tag-saint-etienne-ville"},"share_on_mastodon":{"url":"https:\/\/pubeurope.com\/@fr\/115793355376327056","error":""},"_links":{"self":[{"href":"https:\/\/www.europesays.com\/fr\/wp-json\/wp\/v2\/posts\/625810","targetHints":{"allow":["GET"]}}],"collection":[{"href":"https:\/\/www.europesays.com\/fr\/wp-json\/wp\/v2\/posts"}],"about":[{"href":"https:\/\/www.europesays.com\/fr\/wp-json\/wp\/v2\/types\/post"}],"author":[{"embeddable":true,"href":"https:\/\/www.europesays.com\/fr\/wp-json\/wp\/v2\/users\/2"}],"replies":[{"embeddable":true,"href":"https:\/\/www.europesays.com\/fr\/wp-json\/wp\/v2\/comments?post=625810"}],"version-history":[{"count":0,"href":"https:\/\/www.europesays.com\/fr\/wp-json\/wp\/v2\/posts\/625810\/revisions"}],"wp:featuredmedia":[{"embeddable":true,"href":"https:\/\/www.europesays.com\/fr\/wp-json\/wp\/v2\/media\/625811"}],"wp:attachment":[{"href":"https:\/\/www.europesays.com\/fr\/wp-json\/wp\/v2\/media?parent=625810"}],"wp:term":[{"taxonomy":"category","embeddable":true,"href":"https:\/\/www.europesays.com\/fr\/wp-json\/wp\/v2\/categories?post=625810"},{"taxonomy":"post_tag","embeddable":true,"href":"https:\/\/www.europesays.com\/fr\/wp-json\/wp\/v2\/tags?post=625810"}],"curies":[{"name":"wp","href":"https:\/\/api.w.org\/{rel}","templated":true}]}}