{"id":625812,"date":"2025-12-27T20:12:15","date_gmt":"2025-12-27T20:12:15","guid":{"rendered":"https:\/\/www.europesays.com\/fr\/625812\/"},"modified":"2025-12-27T20:12:15","modified_gmt":"2025-12-27T20:12:15","slug":"saint-etienne-les-remiremont-une-initiative-du-conseil-des-jeunes-envers-les-aines","status":"publish","type":"post","link":"https:\/\/www.europesays.com\/fr\/625812\/","title":{"rendered":"Saint-\u00c9tienne-l\u00e8s-Remiremont. Une initiative du conseil des jeunes envers les a\u00een\u00e9s"},"content":{"rendered":"<p>Tradition respect\u00e9e pour les adolescents du conseil des jeunes qui se sont retrouv\u00e9s en mairie avec Marie-Fran\u00e7oise Adam, Sandrine Renaux, Nathalie Millotte, leurs encadrantes pour confectionner 63 cartes de v\u0153ux \u00e0 l\u2019attention des r\u00e9sidents de l\u2019Ehpad du Home Fleuri. Ils ont mis tout leur c\u0153ur tant dans la d\u00e9coration que dans les messages c\u2019est ce qu\u2019a pu constater Michel Demange, maire, venu superviser la s\u00e9ance de travail. Le fruit de ce travail apportera, prochainement, un peu de bonheur \u00e0 leurs r\u00e9cipiendaires.<\/p>\n","protected":false},"excerpt":{"rendered":"Tradition respect\u00e9e pour les adolescents du conseil des jeunes qui se sont retrouv\u00e9s en mairie avec Marie-Fran\u00e7oise Adam,&hellip;\n","protected":false},"author":2,"featured_media":625813,"comment_status":"","ping_status":"","sticky":false,"template":"","format":"standard","meta":{"footnotes":""},"categories":[9653],"tags":[1111,11,2430,22455,1798,1777,674,1011,27,12,25,4001,33907,104],"class_list":{"0":"post-625812","1":"post","2":"type-post","3":"status-publish","4":"format-standard","5":"has-post-thumbnail","7":"category-saint-etienne","8":"tag-actu","9":"tag-actualites","10":"tag-auvergne-rhone-alpes","11":"tag-cc-de-la-porte-des-vosges-meridionales-88a","12":"tag-edition-remiremont-gerardmer","13":"tag-eu","14":"tag-europe","15":"tag-fr","16":"tag-france","17":"tag-news","18":"tag-republique-francaise","19":"tag-saint-etienne","20":"tag-saint-etienne-les-remiremont","21":"tag-societe"},"share_on_mastodon":{"url":"https:\/\/pubeurope.com\/@fr\/115793359200917256","error":""},"_links":{"self":[{"href":"https:\/\/www.europesays.com\/fr\/wp-json\/wp\/v2\/posts\/625812","targetHints":{"allow":["GET"]}}],"collection":[{"href":"https:\/\/www.europesays.com\/fr\/wp-json\/wp\/v2\/posts"}],"about":[{"href":"https:\/\/www.europesays.com\/fr\/wp-json\/wp\/v2\/types\/post"}],"author":[{"embeddable":true,"href":"https:\/\/www.europesays.com\/fr\/wp-json\/wp\/v2\/users\/2"}],"replies":[{"embeddable":true,"href":"https:\/\/www.europesays.com\/fr\/wp-json\/wp\/v2\/comments?post=625812"}],"version-history":[{"count":0,"href":"https:\/\/www.europesays.com\/fr\/wp-json\/wp\/v2\/posts\/625812\/revisions"}],"wp:featuredmedia":[{"embeddable":true,"href":"https:\/\/www.europesays.com\/fr\/wp-json\/wp\/v2\/media\/625813"}],"wp:attachment":[{"href":"https:\/\/www.europesays.com\/fr\/wp-json\/wp\/v2\/media?parent=625812"}],"wp:term":[{"taxonomy":"category","embeddable":true,"href":"https:\/\/www.europesays.com\/fr\/wp-json\/wp\/v2\/categories?post=625812"},{"taxonomy":"post_tag","embeddable":true,"href":"https:\/\/www.europesays.com\/fr\/wp-json\/wp\/v2\/tags?post=625812"}],"curies":[{"name":"wp","href":"https:\/\/api.w.org\/{rel}","templated":true}]}}