{"id":625818,"date":"2025-12-27T20:18:13","date_gmt":"2025-12-27T20:18:13","guid":{"rendered":"https:\/\/www.europesays.com\/fr\/625818\/"},"modified":"2025-12-27T20:18:13","modified_gmt":"2025-12-27T20:18:13","slug":"villiere-de-retour-comme-remplacant-pour-toulon-perpignan-albornoz-sur-le-banc","status":"publish","type":"post","link":"https:\/\/www.europesays.com\/fr\/625818\/","title":{"rendered":"Villi\u00e8re de retour comme rempla\u00e7ant pour Toulon-Perpignan, Albornoz sur le banc"},"content":{"rendered":"<p>\n    L\u2019ailier international du RCT, bless\u00e9 \u00e0 la main puis aux adducteurs, va faire son retour \u00e0 la comp\u00e9tition, ce dimanche face \u00e0 l\u2019Usap.<\/p>\n<p class=\"fig-paragraph\">Une bonne nouvelle pour les supporters toulonnais. L\u2019ailier international\u00a0<a href=\"http:\/\/www.lefigaro.fr\/sports\/rugby\/xv-de-france\/top-14-gabin-villiere-forfait-pour-la-tournee-d-automne-avec-le-xv-de-france-20250922\" data-fig-type=\"NewsFlash\" data-gtm-custom-categorie=\"navigation\" data-gtm-custom-action=\"crossclick\" data-gtm-custom-label=\"Contextuel\" data-gtm-event=\"customEventSPE\" data-fig-domain=\"LEFIGARO\" target=\"_blank\" rel=\"noopener\">Gabin Villi\u00e8re<\/a>, qui avait \u00e9t\u00e9 op\u00e9r\u00e9 de la main puis avait eu des douleurs aux adducteurs, devrait disputer son premier match de la saison avec le Rugby Club Toulonnais, \u00e0 l\u2019occasion de la r\u00e9ception dimanche de Perpignan. Il d\u00e9butera sur le banc des rempla\u00e7ants, comme l\u2019ouvreur international argentin\u00a0<a href=\"http:\/\/www.lefigaro.fr\/sports\/rugby\/top-14\/top-14-l-ouvreur-des-pumas-tomas-albornoz-va-rejoindre-toulon-fin-decembre-20251212\" data-fig-type=\"NewsFlash\" data-gtm-custom-categorie=\"navigation\" data-gtm-custom-action=\"crossclick\" data-gtm-custom-label=\"Contextuel\" data-gtm-event=\"customEventSPE\" data-fig-domain=\"LEFIGARO\" target=\"_blank\" rel=\"noopener\">Tomas Albornoz<\/a>\u00a0qui s\u2019est r\u00e9cemment engag\u00e9 avec le club varois jusqu\u2019en 2030. \u00c2g\u00e9 de 28 ans, le num\u00e9ro 10 des Pumas est arriv\u00e9 en 2021 dans le club italien du Benetton Tr\u00e9vise et compte 21 s\u00e9lections avec les Pumas argentins.<\/p>\n<p class=\"fig-paragraph\"><strong>La compo de Toulon\u00a0:\u00a0<\/strong><br \/>Domon &#8211; Dr\u00e9an, Smaili, Sinzelle, Ferte &#8211; (o) Garbisi, (m) White &#8211; Ollivon (cap.), Mercer, Ludlam &#8211; Javakhia, Ribbans &#8211; Sinckler, Baubigny, Ametlla<br \/>Rempla\u00e7ants\u00a0: Toevalu, D. Brennan, Alainu\u2019uese, Abadie, Albornoz, Serin, Villi\u00e8re, Priso<\/p>\n<p>                                            <a class=\"fig-a11y-skip\" href=\"#fig-a11y-skip-main-inarticle\" data-module=\"a11y-skip\" data-context=\"was @visible\"><br \/>\n    Passer la publicit\u00e9<br \/>\n<\/a>            <\/p>\n<p class=\"fig-paragraph\"><strong>la compo de Perpignan\u00a0:<\/strong><br \/>Forner &#8211; Petaia, Duguivalu, de la Fuente, Granell &#8211; (o) Reus, (m) Ecochard &#8211; Le Corvec, Velarte (cap.), Hicks &#8211; Warion, Chinarro &#8211; Ceccarelli, Ruiz, Beria<br \/>Rempla\u00e7ants\u00a0: Lotrian, Tetrashvili, Yato, Tanguy, Diaby, Aprasidze, Aucagne, Brookes<\/p>\n","protected":false},"excerpt":{"rendered":"L\u2019ailier international du RCT, bless\u00e9 \u00e0 la main puis aux adducteurs, va faire son retour \u00e0 la comp\u00e9tition,&hellip;\n","protected":false},"author":2,"featured_media":625819,"comment_status":"","ping_status":"","sticky":false,"template":"","format":"standard","meta":{"footnotes":""},"categories":[9619],"tags":[1111,11,1777,674,1011,27,12,882,3461,25,10405,2310,14988],"class_list":{"0":"post-625818","1":"post","2":"type-post","3":"status-publish","4":"format-standard","5":"has-post-thumbnail","7":"category-toulon","8":"tag-actu","9":"tag-actualites","10":"tag-eu","11":"tag-europe","12":"tag-fr","13":"tag-france","14":"tag-news","15":"tag-provence-alpes-cote-dazur","16":"tag-rct","17":"tag-republique-francaise","18":"tag-rugby-club-toulonnais","19":"tag-toulon","20":"tag-usap"},"share_on_mastodon":{"url":"https:\/\/pubeurope.com\/@fr\/115793382927295461","error":""},"_links":{"self":[{"href":"https:\/\/www.europesays.com\/fr\/wp-json\/wp\/v2\/posts\/625818","targetHints":{"allow":["GET"]}}],"collection":[{"href":"https:\/\/www.europesays.com\/fr\/wp-json\/wp\/v2\/posts"}],"about":[{"href":"https:\/\/www.europesays.com\/fr\/wp-json\/wp\/v2\/types\/post"}],"author":[{"embeddable":true,"href":"https:\/\/www.europesays.com\/fr\/wp-json\/wp\/v2\/users\/2"}],"replies":[{"embeddable":true,"href":"https:\/\/www.europesays.com\/fr\/wp-json\/wp\/v2\/comments?post=625818"}],"version-history":[{"count":0,"href":"https:\/\/www.europesays.com\/fr\/wp-json\/wp\/v2\/posts\/625818\/revisions"}],"wp:featuredmedia":[{"embeddable":true,"href":"https:\/\/www.europesays.com\/fr\/wp-json\/wp\/v2\/media\/625819"}],"wp:attachment":[{"href":"https:\/\/www.europesays.com\/fr\/wp-json\/wp\/v2\/media?parent=625818"}],"wp:term":[{"taxonomy":"category","embeddable":true,"href":"https:\/\/www.europesays.com\/fr\/wp-json\/wp\/v2\/categories?post=625818"},{"taxonomy":"post_tag","embeddable":true,"href":"https:\/\/www.europesays.com\/fr\/wp-json\/wp\/v2\/tags?post=625818"}],"curies":[{"name":"wp","href":"https:\/\/api.w.org\/{rel}","templated":true}]}}