{"id":625828,"date":"2025-12-27T20:27:52","date_gmt":"2025-12-27T20:27:52","guid":{"rendered":"https:\/\/www.europesays.com\/fr\/625828\/"},"modified":"2025-12-27T20:27:52","modified_gmt":"2025-12-27T20:27:52","slug":"une-femme-et-ses-enfants-secourus-dans-un-bois-en-ille-et-vilaine-une-enquete-pour-enlevement","status":"publish","type":"post","link":"https:\/\/www.europesays.com\/fr\/625828\/","title":{"rendered":"Une femme et ses enfants secourus dans un bois en Ille-et-Vilaine\u00a0: une enqu\u00eate pour enl\u00e8vement"},"content":{"rendered":"<tr wp_automatic_readability=\"5.9047619047619\">\n<td valign=\"middle\" align=\"center\" class=\"col-logo\" wp_automatic_readability=\"5\">\n    <img decoding=\"async\" src=\"https:\/\/maville.com\/design\/images\/logo-of-monetise.svg?version=20130627\" alt=\"logo Ouest-France\" height=\"66\"\/><\/p>\n<p>Contenu r\u00e9serv\u00e9 aux abonn\u00e9s<\/p>\n<\/td>\n<td class=\"col-titre\">\n\t\t\tLundi 22 d\u00e9cembre 2025 13:55<br \/>\n\t\t\t<a class=\"icon-bulle sizeL count\" href=\"#ancreAvis\"><br \/>\n\t&#8230;<br \/>\n<\/a><\/td>\n<\/tr>\n<p>\t\t<a class=\"mavillebox2 elmt-photo\" href=\"https:\/\/maville.com\/photosmvi\/2025\/12\/22\/P35654516D7120855G.jpg\" title=\" La jeune femme a expliqu\u00e9 qu\u2019elle avait \u00e9t\u00e9 \u00e9lev\u00e9e avec ses deux enfants, ligot\u00e9e et abandonn\u00e9e dans un bois pr\u00e8s de Montfort-sur-Meu, dimanche 21\u00a0d\u00e9cembre 2025.  \u00a9  Ouest-France  \" rel=\"galerie_actu noopener\" target=\"_blank\"><br \/>\n\t<img decoding=\"async\" src=\"https:\/\/www.europesays.com\/fr\/wp-content\/uploads\/2025\/12\/P35654516D7120855G_crop_640-330_.jpg\" alt=\"photo  la jeune femme a expliqu\u00e9 qu\u2019elle avait \u00e9t\u00e9 \u00e9lev\u00e9e avec ses deux enfants, ligot\u00e9e et abandonn\u00e9e dans un bois pr\u00e8s de montfort-sur-meu, dimanche 21\u00a0d\u00e9cembre 2025.  \u00a9  ouest-france \"\/><br \/>\n\t1<br \/>\n<\/a><\/p>\n<p class=\"elmt-legende\"> La jeune femme a expliqu\u00e9 qu\u2019elle avait \u00e9t\u00e9 \u00e9lev\u00e9e avec ses deux enfants, ligot\u00e9e et abandonn\u00e9e dans un bois pr\u00e8s de Montfort-sur-Meu, dimanche 21\u00a0d\u00e9cembre 2025.  \u00a9  Ouest-France  <\/p>\n<p>\t\tLa brigade des recherches de Montfort-sur-Meu (Ille-et-Vilaine), avec le soutien de la section de recherche de Rennes, a \u00e9t\u00e9 charg\u00e9e d\u2019une enqu\u00eate pour enl\u00e8vement et s\u00e9questration en bande organis\u00e9e, extorsion en bande organis\u00e9e et participation \u00e0 une association de malfaiteurs. Dimanche 21\u00a0d\u00e9cembre 2025, une femme de 29\u00a0ans et ses deux jeunes enfants ont \u00e9t\u00e9 pris en charge par les secours. La m\u00e8re de famille a expliqu\u00e9 avoir \u00e9t\u00e9 enlev\u00e9e, ligot\u00e9e et abandonn\u00e9e dans le bois avec ses enfants.<\/p>\n<p><b>Cet article est r\u00e9serv\u00e9 aux abonn\u00e9s<\/b><\/p>\n<p>Pour un acc\u00e8s imm\u00e9diat, abonnez-vous<\/p>\n<p><b>1\u00e8re semaine offerte<\/b><\/p>\n<p>\t\t Ouest-France. \u00a0\u00a0<br \/>\n\t\tOuest-France<\/p>\n<p>Retrouvez d&rsquo;autres actus sur les communes de :<\/p>\n<p>\t\t&#13;<\/p>\n","protected":false},"excerpt":{"rendered":"Contenu r\u00e9serv\u00e9 aux abonn\u00e9s Lundi 22 d\u00e9cembre 2025 13:55 &#8230; 1 La jeune femme a expliqu\u00e9 qu\u2019elle avait&hellip;\n","protected":false},"author":2,"featured_media":625829,"comment_status":"","ping_status":"","sticky":false,"template":"","format":"standard","meta":{"footnotes":""},"categories":[2821],"tags":[1111,11,4154,829,1719,2716,1067,1777,674,1294,1011,27,848,12,12884,584,25,73503,6188],"class_list":{"0":"post-625828","1":"post","2":"type-post","3":"status-publish","4":"format-standard","5":"has-post-thumbnail","7":"category-rennes","8":"tag-actu","9":"tag-actualites","10":"tag-bois","11":"tag-bretagne","12":"tag-enfants","13":"tag-enlevement","14":"tag-enquete","15":"tag-eu","16":"tag-europe","17":"tag-femme","18":"tag-fr","19":"tag-france","20":"tag-ille-et-vilaine","21":"tag-news","22":"tag-ouverte","23":"tag-rennes","24":"tag-republique-francaise","25":"tag-secourus","26":"tag-sequestration"},"share_on_mastodon":{"url":"https:\/\/pubeurope.com\/@fr\/115793423965151518","error":""},"_links":{"self":[{"href":"https:\/\/www.europesays.com\/fr\/wp-json\/wp\/v2\/posts\/625828","targetHints":{"allow":["GET"]}}],"collection":[{"href":"https:\/\/www.europesays.com\/fr\/wp-json\/wp\/v2\/posts"}],"about":[{"href":"https:\/\/www.europesays.com\/fr\/wp-json\/wp\/v2\/types\/post"}],"author":[{"embeddable":true,"href":"https:\/\/www.europesays.com\/fr\/wp-json\/wp\/v2\/users\/2"}],"replies":[{"embeddable":true,"href":"https:\/\/www.europesays.com\/fr\/wp-json\/wp\/v2\/comments?post=625828"}],"version-history":[{"count":0,"href":"https:\/\/www.europesays.com\/fr\/wp-json\/wp\/v2\/posts\/625828\/revisions"}],"wp:featuredmedia":[{"embeddable":true,"href":"https:\/\/www.europesays.com\/fr\/wp-json\/wp\/v2\/media\/625829"}],"wp:attachment":[{"href":"https:\/\/www.europesays.com\/fr\/wp-json\/wp\/v2\/media?parent=625828"}],"wp:term":[{"taxonomy":"category","embeddable":true,"href":"https:\/\/www.europesays.com\/fr\/wp-json\/wp\/v2\/categories?post=625828"},{"taxonomy":"post_tag","embeddable":true,"href":"https:\/\/www.europesays.com\/fr\/wp-json\/wp\/v2\/tags?post=625828"}],"curies":[{"name":"wp","href":"https:\/\/api.w.org\/{rel}","templated":true}]}}