{"id":625830,"date":"2025-12-27T20:29:25","date_gmt":"2025-12-27T20:29:25","guid":{"rendered":"https:\/\/www.europesays.com\/fr\/625830\/"},"modified":"2025-12-27T20:29:25","modified_gmt":"2025-12-27T20:29:25","slug":"4-attaquants-de-l1-et-un-buteur-de-l2-sur-la-short-list-et-ca-sannonce-complique","status":"publish","type":"post","link":"https:\/\/www.europesays.com\/fr\/625830\/","title":{"rendered":"4 attaquants de L1 et un buteur de L2 sur la short-list\u2026 et \u00e7a s\u2019annonce compliqu\u00e9"},"content":{"rendered":"<p><strong>Si le Stade Rennais ne pr\u00e9voit pas de folies en janvier, le club breton compte rester \u00e0 l\u2019aff\u00fbt de quelques dossiers. Les Rouge et Noir appr\u00e9cient plusieurs attaquants mais leur mission s\u2019annonce p\u00e9rilleuse.<\/strong><\/p>\n<p>6e de Ligue 1 \u00e0 mi-parcours, Rennes a termin\u00e9 son ann\u00e9e 2025 par une qualification en 16es de finale de la Coupe de France aux d\u00e9pens des amateurs des Sables Vend\u00e9e (3-0). Les Rouge et Noir de Habib Beye attendent d\u00e9sormais l\u2019ouverture du mercato hivernal pour pr\u00e9voir quelques ajustements dans l\u2019effectif m\u00eame si c\u2019est davantage dans le sens des d\u00e9parts que les choses pourraient bouger du c\u00f4t\u00e9 du Roazhon Park, \u00e0 l\u2019image des dossiers <a href=\"https:\/\/wesportfr.com\/mercato-stade-rennais-echeverri-kamara-blas-ca-bouge-chez-les-rouge-et-noir\/\" target=\"_blank\" rel=\"noopener\">Glen Kamara et Ludovic Blas<\/a>.<\/p>\n<p>Dans l\u2019autre sens de circulation, il n\u2019est pas interdit de croire que le SRFC boucle le mois de janvier 2026 avec <a href=\"https:\/\/wesportfr.com\/0-recrue-en-janvier-le-stade-rennais-prend-une-decision-radicale-pour-son-mercato\/\" target=\"_blank\" rel=\"noopener\">0 recrue<\/a>. \u00c0 moins d\u2019un d\u00e9part majeur \u00e0 remplacer d\u2019urgence, <strong>le Stade Rennais ne devrait pas se montrer tr\u00e8s actif<\/strong> en tout cas \u00e0 coup s\u00fbr bien moins que lors de ses pr\u00e9c\u00e9dents march\u00e9s des transferts. En cumulant les transactions de l\u2019hiver et de l\u2019\u00e9t\u00e9 2025, <strong>l\u2019\u00e9tat-major breton aura d\u00e9bours\u00e9 plus de 140 M\u20ac<\/strong>. Dans ces prochaines semaines, hors de question de d\u00e9penser des sommes folles m\u00eame si quelques dossiers tra\u00eenent dans les bureaux de la direction.<\/p>\n<p>Kebbal, cible inaccessible pour Rennes<\/p>\n<p>En cas de d\u00e9part de Ludovic Blas, le secteur offensif devra \u00eatre renforc\u00e9. Et il faut croire que c\u2019est en Ligue 1 que Rennes pourrait faire son march\u00e9. Selon les informations de But!, 4 attaquants de l\u2019\u00e9lite suscitent l\u2019int\u00e9r\u00eat de la formation rennaise. Auteur d\u2019une belle premi\u00e8re partie de saison avec le Paris FC \u2013 6 buts et 4 passes en 16 matchs \u2013 l\u2019ailier droit alg\u00e9rien <strong>Ilan Kebbal<\/strong> pla\u00eet mais aucune chance pour le <a href=\"https:\/\/wesportfr.com\/tag\/stade-rennais\/\" target=\"_blank\" rel=\"noopener\">Stade Rennais<\/a> d\u2019obtenir gain de cause : l\u2019ancien R\u00e9mois dispute la CAN avec les Fennecs et le promu francilien n\u2019est pas vendeur \u00e0 ce stade.<\/p>\n<p>Tr\u00e8s courtis\u00e9 en raison de sa situation contractuelle avantageuse \u2013 il est en fin de contrat en juin 2026, <strong>Himad Abdelli<\/strong> int\u00e9resse Rennes. Mais le milieu offensif d\u2019Angers, annonc\u00e9 aussi sur les tablettes de l\u2019OM, l\u2019OL et du LOSC, ne serait plus une piste d\u2019actualit\u00e9 selon Ouest-France. Le Toulousain <strong>Yann Gboho\u00a0<\/strong>s\u00e9duit \u00e9galement le Stade Rennais. Approch\u00e9 par l\u2019OM l\u2019\u00e9t\u00e9 dernier, l\u2019ailier gauche fran\u00e7ais fut retenu \u00e0 l\u2019intersaison et le TFC fera encore tout pour conserver\u2026 l\u2019ex-Rennais, sous contrat jusqu\u2019en juin 2027.<\/p>\n<blockquote class=\"twitter-tweet\" data-width=\"500\" data-dnt=\"true\">\n<p lang=\"fr\" dir=\"ltr\">\ud83d\udea8 \ud83d\udd34\u26ab RENNES S&rsquo;EST PENCH\u00c9 SUR CLAUDIO ECHEVERRI \ud83c\udde6\ud83c\uddf7 \ud83d\udca3\u203c\ufe0f<\/p>\n<p>\u25b6\ufe0f Plusieurs \u00e9curies sont sur le coup dont Villarreal et G\u00e9rone \ud83c\uddea\ud83c\uddf8 et des clubs de Premier League \ud83c\udff4\udb40\udc67\udb40\udc62\udb40\udc65\udb40\udc6e\udb40\udc67\udb40\udc7f<\/p>\n<p>\u25b6\ufe0f D&rsquo;autres pistes sont \u00e9galement activ\u00e9es \ud83d\udd0e en parall\u00e8le pour un milieu cr\u00e9ateur \ud83c\udfaf<\/p>\n<p>[<a href=\"https:\/\/twitter.com\/gui_tog?ref_src=twsrc%5Etfw\" target=\"_blank\" rel=\"noopener\">@gui_tog<\/a>] <a href=\"https:\/\/twitter.com\/hashtag\/MercatoSRFC?src=hash&amp;ref_src=twsrc%5Etfw\" target=\"_blank\" rel=\"noopener\">#MercatoSRFC<\/a> <a href=\"https:\/\/t.co\/HeSNvJKnFA\">pic.twitter.com\/HeSNvJKnFA<\/a><\/p>\n<p>\u2014 SRFC_Mercato (@RoazhonMercato) <a href=\"https:\/\/twitter.com\/RoazhonMercato\/status\/2003504912739770739?ref_src=twsrc%5Etfw\" target=\"_blank\" rel=\"noopener\">December 23, 2025<\/a><\/p><\/blockquote>\n<p>Rennes concurrenc\u00e9 en Liga pour Ch\u00e9rif<\/p>\n<p>\u00c0 un poste plus axial, l\u2019avant-centre du SCO <strong>Sidiki Ch\u00e9rif\u00a0<\/strong>ne laisse pas indiff\u00e9rent. Probl\u00e8me, le club du Maine-et-Loire se montrera gourmand pour un joueur sous contrat jusqu\u2019en juin 2028 et cibl\u00e9 par Crystal Palace et Villarreal. La concurrence s\u2019annonce rude pour Rennes. D\u2019apr\u00e8s L\u2019Equipe, les Espagnols pourraient offrir environ 20 M\u20ac. Enfin, le dossier <strong>Lucas Stassin<\/strong> resterait ouvert comme l\u2019\u00e9t\u00e9 dernier. En difficult\u00e9 avec l\u2019AS Saint-Etienne, l\u2019attaquant belge co\u00fbtera cher \u00e0 ses pr\u00e9tendants malgr\u00e9 une valeur marchande gripp\u00e9e.<\/p>\n<p>Faut-il rappeler qu\u2019\u00e0 l\u2019intersaison, les Verts r\u00e9clamaient 42 M\u20ac et rembarraient ainsi tous les pr\u00e9tendants du Diablotin. Ce sera moins en cas de vente d\u00e8s janvier mais encore trop pour un joueur en baisse de r\u00e9gime \u00e0 l\u2019\u00e9chelon inf\u00e9rieur.<\/p>\n<p>                    <script async src=\"https:\/\/platform.twitter.com\/widgets.js\" charset=\"utf-8\"><\/script><\/p>\n","protected":false},"excerpt":{"rendered":"Si le Stade Rennais ne pr\u00e9voit pas de folies en janvier, le club breton compte rester \u00e0 l\u2019aff\u00fbt&hellip;\n","protected":false},"author":2,"featured_media":625831,"comment_status":"","ping_status":"","sticky":false,"template":"","format":"standard","meta":{"footnotes":""},"categories":[2821],"tags":[1111,11,829,1777,674,1011,27,12,584,25],"class_list":{"0":"post-625830","1":"post","2":"type-post","3":"status-publish","4":"format-standard","5":"has-post-thumbnail","7":"category-rennes","8":"tag-actu","9":"tag-actualites","10":"tag-bretagne","11":"tag-eu","12":"tag-europe","13":"tag-fr","14":"tag-france","15":"tag-news","16":"tag-rennes","17":"tag-republique-francaise"},"share_on_mastodon":{"url":"https:\/\/pubeurope.com\/@fr\/115793426084357086","error":""},"_links":{"self":[{"href":"https:\/\/www.europesays.com\/fr\/wp-json\/wp\/v2\/posts\/625830","targetHints":{"allow":["GET"]}}],"collection":[{"href":"https:\/\/www.europesays.com\/fr\/wp-json\/wp\/v2\/posts"}],"about":[{"href":"https:\/\/www.europesays.com\/fr\/wp-json\/wp\/v2\/types\/post"}],"author":[{"embeddable":true,"href":"https:\/\/www.europesays.com\/fr\/wp-json\/wp\/v2\/users\/2"}],"replies":[{"embeddable":true,"href":"https:\/\/www.europesays.com\/fr\/wp-json\/wp\/v2\/comments?post=625830"}],"version-history":[{"count":0,"href":"https:\/\/www.europesays.com\/fr\/wp-json\/wp\/v2\/posts\/625830\/revisions"}],"wp:featuredmedia":[{"embeddable":true,"href":"https:\/\/www.europesays.com\/fr\/wp-json\/wp\/v2\/media\/625831"}],"wp:attachment":[{"href":"https:\/\/www.europesays.com\/fr\/wp-json\/wp\/v2\/media?parent=625830"}],"wp:term":[{"taxonomy":"category","embeddable":true,"href":"https:\/\/www.europesays.com\/fr\/wp-json\/wp\/v2\/categories?post=625830"},{"taxonomy":"post_tag","embeddable":true,"href":"https:\/\/www.europesays.com\/fr\/wp-json\/wp\/v2\/tags?post=625830"}],"curies":[{"name":"wp","href":"https:\/\/api.w.org\/{rel}","templated":true}]}}