{"id":625832,"date":"2025-12-27T20:30:21","date_gmt":"2025-12-27T20:30:21","guid":{"rendered":"https:\/\/www.europesays.com\/fr\/625832\/"},"modified":"2025-12-27T20:30:21","modified_gmt":"2025-12-27T20:30:21","slug":"alsace-apres-deux-jours-feries-forte-affluence-ce-samedi-sur-les-routes-et-dans-les-magasins-de-la-region","status":"publish","type":"post","link":"https:\/\/www.europesays.com\/fr\/625832\/","title":{"rendered":"Alsace. Apr\u00e8s deux jours f\u00e9ri\u00e9s, forte affluence ce samedi sur les routes et dans les magasins de la r\u00e9gion"},"content":{"rendered":"<p>En ce samedi 27\u00a0d\u00e9cembre, premier jour ouvrable apr\u00e8s les deux journ\u00e9es f\u00e9ri\u00e9es du 25 et du 26\u00a0d\u00e9cembre, beaucoup d\u2019Alsaciens se sont ru\u00e9s dans les magasins.<\/p>\n<p>En fin de matin\u00e9e, le secteur de la Vigie, \u00e0 Geispolsheim, en banlieue de Strasbourg avait d\u00e9j\u00e0 fait le plein. Le site Info Trafic Bas-Rhin relevait ainsi qu\u2019avant midi, le parking du supermarch\u00e9 de Leclerc de Geispolsheim \u00e9tait d\u00e9j\u00e0 totalement satur\u00e9. Affluence moindre du c\u00f4t\u00e9 du centre commercial de Vendenheim\u2026 tout du moins en matin\u00e9e, puisque la foule s\u2019est faite plus compacte dans l\u2019apr\u00e8s-midi.<\/p>\n<p>Les plus grandes affluences ont concern\u00e9 les centres-villes de Colmar, Mulhouse et Strasbourg. Ainsi \u00e0 16\u00a0h ce samedi, il \u00e9tait difficile (pour ne pas dire impossible) de trouver une place de stationnement dans les parkings payants de la capitale alsacienne. Que ce soit les parkings relais tram, ou ceux du centre-ville, tous affichaient complets dans l\u2019apr\u00e8s-midi.<\/p>\n<p>Idem sur les routes alsaciennes du nord au sud, notamment sur l\u2019A35. Sans oublier la RD83, en particulier <a href=\"https:\/\/www.lalsace.fr\/faits-divers-justice\/2025\/12\/27\/deux-voitures-impliquees-dans-un-accident-sur-la-d83-un-bouchon-en-formation\" target=\"_blank\" rel=\"noopener\">entre S\u00e9lestat et Colmar<\/a>, o\u00f9 la circulation a \u00e9t\u00e9 qualifi\u00e9e de \u00ab\u00a0tr\u00e8s dense\u00a0\u00bb toute la journ\u00e9e. Un accident mat\u00e9riel (\u00e0 hauteur d\u2019Ostheim, aux alentours de 16\u00a0h) n\u2019a pas arrang\u00e9 la situation. Mais la circulation \u00e9tait aussi dense, bien entendu, aux abords de Strasbourg et Mulhouse, tout comme aux passages de fronti\u00e8res que ce soit vers l\u2019Allemagne ou la Suisse.<\/p>\n","protected":false},"excerpt":{"rendered":"En ce samedi 27\u00a0d\u00e9cembre, premier jour ouvrable apr\u00e8s les deux journ\u00e9es f\u00e9ri\u00e9es du 25 et du 26\u00a0d\u00e9cembre, beaucoup&hellip;\n","protected":false},"author":2,"featured_media":625833,"comment_status":"","ping_status":"","sticky":false,"template":"","format":"standard","meta":{"footnotes":""},"categories":[2820],"tags":[119,1111,11,2389,1777,674,274,107,1011,27,775,12,25,640],"class_list":{"0":"post-625832","1":"post","2":"type-post","3":"status-publish","4":"format-standard","5":"has-post-thumbnail","7":"category-strasbourg","8":"tag-accident","9":"tag-actu","10":"tag-actualites","11":"tag-alsace","12":"tag-eu","13":"tag-europe","14":"tag-faits-divers-justice","15":"tag-fil-info","16":"tag-fr","17":"tag-france","18":"tag-grand-est","19":"tag-news","20":"tag-republique-francaise","21":"tag-strasbourg"},"share_on_mastodon":{"url":"","error":""},"_links":{"self":[{"href":"https:\/\/www.europesays.com\/fr\/wp-json\/wp\/v2\/posts\/625832","targetHints":{"allow":["GET"]}}],"collection":[{"href":"https:\/\/www.europesays.com\/fr\/wp-json\/wp\/v2\/posts"}],"about":[{"href":"https:\/\/www.europesays.com\/fr\/wp-json\/wp\/v2\/types\/post"}],"author":[{"embeddable":true,"href":"https:\/\/www.europesays.com\/fr\/wp-json\/wp\/v2\/users\/2"}],"replies":[{"embeddable":true,"href":"https:\/\/www.europesays.com\/fr\/wp-json\/wp\/v2\/comments?post=625832"}],"version-history":[{"count":0,"href":"https:\/\/www.europesays.com\/fr\/wp-json\/wp\/v2\/posts\/625832\/revisions"}],"wp:featuredmedia":[{"embeddable":true,"href":"https:\/\/www.europesays.com\/fr\/wp-json\/wp\/v2\/media\/625833"}],"wp:attachment":[{"href":"https:\/\/www.europesays.com\/fr\/wp-json\/wp\/v2\/media?parent=625832"}],"wp:term":[{"taxonomy":"category","embeddable":true,"href":"https:\/\/www.europesays.com\/fr\/wp-json\/wp\/v2\/categories?post=625832"},{"taxonomy":"post_tag","embeddable":true,"href":"https:\/\/www.europesays.com\/fr\/wp-json\/wp\/v2\/tags?post=625832"}],"curies":[{"name":"wp","href":"https:\/\/api.w.org\/{rel}","templated":true}]}}