{"id":625834,"date":"2025-12-27T20:32:20","date_gmt":"2025-12-27T20:32:20","guid":{"rendered":"https:\/\/www.europesays.com\/fr\/625834\/"},"modified":"2025-12-27T20:32:20","modified_gmt":"2025-12-27T20:32:20","slug":"le-jardin-de-lorangerie-ouvre-ses-portes-sur-un-parc-en-plein-renouveau","status":"publish","type":"post","link":"https:\/\/www.europesays.com\/fr\/625834\/","title":{"rendered":"Le Jardin de l\u2019Orangerie ouvre ses portes sur un parc en plein renouveau"},"content":{"rendered":"<p>Enfin, il revit, et de la plus belle des mani\u00e8res\u00a0! Quiconque a arpent\u00e9 ces derni\u00e8res ann\u00e9es le parc de l\u2019Orangerie ne pouvait que se d\u00e9soler de la fermeture prolong\u00e9e du restaurant donnant sur le lac et de l\u2019\u00e9tat de ses abords imm\u00e9diats.<\/p>\n<p>Tout cela n\u2019est plus qu\u2019un mauvais souvenir\u2026 <a href=\"https:\/\/www.dna.fr\/economie\/2025\/12\/04\/le-nouveau-bowling-de-l-orangerie-ouvre-ce-vendredi-a-strasbourg\" target=\"_blank\" rel=\"noopener\">\u00c0 l\u2019image du bowling attenant, inaugur\u00e9 le 4\u00a0d\u00e9cembre dernier,<\/a> \u00a0 Le Jardin de l\u2019Orangerie rena\u00eet dans de nouveaux murs et sous une nouvelle forme ces jours-ci, <a href=\"https:\/\/www.dna.fr\/environnement\/2025\/02\/28\/quelle-orangerie-en-2035\" target=\"_blank\" rel=\"noopener\">insufflant un suppl\u00e9ment d\u2019\u00e2me et de vie bienvenu au plus vaste et au plus embl\u00e9matique des parcs strasbourgeois.<\/a><\/p>\n<p>Un \u00ab\u00a0gros paquebot\u00a0\u00bb de 150 couverts<\/p>\n<p>Aux commandes de ce \u00ab\u00a0gros paquebot\u00a0\u00bb de 150 couverts, qui aura la capacit\u00e9 de monter jusqu\u2019\u00e0 180 une fois atteinte sa pleine vitesse de croisi\u00e8re, on trouve Pauline George (en salle) et Gr\u00e9gory Reich (en cuisine), les anciens patrons de La Cuiller \u00e0 pot , rue Finkwiller. C\u2019est Richard Meyer, la cheville ouvri\u00e8re du bowling&#8230;<\/p>\n","protected":false},"excerpt":{"rendered":"Enfin, il revit, et de la plus belle des mani\u00e8res\u00a0! Quiconque a arpent\u00e9 ces derni\u00e8res ann\u00e9es le parc&hellip;\n","protected":false},"author":2,"featured_media":625835,"comment_status":"","ping_status":"","sticky":false,"template":"","format":"standard","meta":{"footnotes":""},"categories":[2820],"tags":[1111,11,4406,130,33,2880,1777,674,107,1011,27,1661,775,1031,6016,12,25,640,2879],"class_list":{"0":"post-625834","1":"post","2":"type-post","3":"status-publish","4":"format-standard","5":"has-post-thumbnail","7":"category-strasbourg","8":"tag-actu","9":"tag-actualites","10":"tag-commerce-et-services","11":"tag-consommation","12":"tag-economie","13":"tag-edition-strasbourg","14":"tag-eu","15":"tag-europe","16":"tag-fil-info","17":"tag-fr","18":"tag-france","19":"tag-gastronomie","20":"tag-grand-est","21":"tag-magazine","22":"tag-magazine-cuisine-et-vins","23":"tag-news","24":"tag-republique-francaise","25":"tag-strasbourg","26":"tag-strasbourg-ville"},"share_on_mastodon":{"url":"https:\/\/pubeurope.com\/@fr\/115793437959775256","error":""},"_links":{"self":[{"href":"https:\/\/www.europesays.com\/fr\/wp-json\/wp\/v2\/posts\/625834","targetHints":{"allow":["GET"]}}],"collection":[{"href":"https:\/\/www.europesays.com\/fr\/wp-json\/wp\/v2\/posts"}],"about":[{"href":"https:\/\/www.europesays.com\/fr\/wp-json\/wp\/v2\/types\/post"}],"author":[{"embeddable":true,"href":"https:\/\/www.europesays.com\/fr\/wp-json\/wp\/v2\/users\/2"}],"replies":[{"embeddable":true,"href":"https:\/\/www.europesays.com\/fr\/wp-json\/wp\/v2\/comments?post=625834"}],"version-history":[{"count":0,"href":"https:\/\/www.europesays.com\/fr\/wp-json\/wp\/v2\/posts\/625834\/revisions"}],"wp:featuredmedia":[{"embeddable":true,"href":"https:\/\/www.europesays.com\/fr\/wp-json\/wp\/v2\/media\/625835"}],"wp:attachment":[{"href":"https:\/\/www.europesays.com\/fr\/wp-json\/wp\/v2\/media?parent=625834"}],"wp:term":[{"taxonomy":"category","embeddable":true,"href":"https:\/\/www.europesays.com\/fr\/wp-json\/wp\/v2\/categories?post=625834"},{"taxonomy":"post_tag","embeddable":true,"href":"https:\/\/www.europesays.com\/fr\/wp-json\/wp\/v2\/tags?post=625834"}],"curies":[{"name":"wp","href":"https:\/\/api.w.org\/{rel}","templated":true}]}}