{"id":625845,"date":"2025-12-27T20:39:12","date_gmt":"2025-12-27T20:39:12","guid":{"rendered":"https:\/\/www.europesays.com\/fr\/625845\/"},"modified":"2025-12-27T20:39:12","modified_gmt":"2025-12-27T20:39:12","slug":"des-tireurs-en-trottinette-coups-de-feu-et-violences-a-empalot-un-homme-menace-et-blesse-au-crane","status":"publish","type":"post","link":"https:\/\/www.europesays.com\/fr\/625845\/","title":{"rendered":"Des tireurs en trottinette, coups de feu et violences \u00e0 Empalot, un homme menac\u00e9 et bless\u00e9 au cr\u00e2ne"},"content":{"rendered":"<p>\n                                                                    l&rsquo;essentiel<br \/>\n                                                                Un homme a \u00e9t\u00e9 bless\u00e9 en fin de matin\u00e9e, samedi 27\u00a0d\u00e9cembre, devant un supermarch\u00e9 du quartier d\u2019Empalot, \u00e0 Toulouse. Vendredi soir, une dizaine de coups de feu ont \u00e9branl\u00e9 le quartier, tir\u00e9s par des individus en trottinette\u00a0!\n                            <\/p>\n<p>\u00c0 Toulouse, la tension est remont\u00e9e d\u2019un cran aux pieds des tours du quartier d\u2019Empalot depuis 24\u00a0heures.<\/p>\n<p>Peu apr\u00e8s midi, ce samedi 27\u00a0d\u00e9cembre, les policiers ont \u00e9t\u00e9 alert\u00e9s pour un homme bless\u00e9. Arriv\u00e9s sur place, les membres de la BST sud ont d\u00e9couvert un individu bless\u00e9 qui s\u2019\u00e9tait r\u00e9fugi\u00e9 dans les rayons du supermarch\u00e9 Aldi. Des t\u00e9moins lui portaient les premiers soins.<\/p>\n<p>D\u2019apr\u00e8s les premiers \u00e9l\u00e9ments recueillis sur place, cet homme se trouvait devant le supermarch\u00e9 quand il a \u00e9t\u00e9 pris \u00e0 partie par au moins deux individus.\u00a0L\u2019un d\u2019eux, une arme de poing \u00e0 la main, lui a port\u00e9 plusieurs violents coups de crosse au sommet du cr\u00e2ne.<\/p>\n<p>Selon les t\u00e9moins, la victime aurait ensuite \u00e9t\u00e9 menac\u00e9e avec l\u2019arme par l\u2019individu qui l\u2019aurait pris pour cible, sans que des coups de feu soient tir\u00e9s. L\u2019agresseur et son complice pr\u00e9sum\u00e9 ont pris la fuite rapidement. Les patrouilles dans le quartier n\u2019ont pas permis de les retrouver. Le bless\u00e9 a \u00e9t\u00e9 pris en charge par les pompiers et \u00e9vacu\u00e9 vers les urgences de l\u2019h\u00f4pital Purpan pour recevoir des soins.<\/p>\n<p>Coups de feu, des tireurs\u00a0en trottinette<\/p>\n<p>Et vendredi soir, vers 20\u00a0heures, plusieurs coups de feu ont r\u00e9sonn\u00e9 place Aline Viadieu, toujours \u00e0 Empalot. Alert\u00e9s, les policiers ont r\u00e9cup\u00e9r\u00e9 une dizaine de douilles. Selon les t\u00e9moignages recueillis, les tireurs, qui circulaient sur une trottinette, auraient tir\u00e9 en l\u2019air, sans viser personne.<\/p>\n<p>C\u2019est en tout cas ce qui a \u00e9t\u00e9 affirm\u00e9 par les t\u00e9moins. Personne n\u2019a \u00e9t\u00e9 bless\u00e9.<\/p>\n<p>Deux enqu\u00eates ont\u00a0\u00e9t\u00e9 ouvertes par le parquet pour comprendre ce coup de chaud dans un quartier qui a connu des incidents graves, et des morts, autour du contr\u00f4le du trafic de drogue et de la ma\u00eetrise d\u2019un point de deal. Mais depuis plusieurs mois, un calme pr\u00e9caire semblait \u00eatre revenu.<\/p>\n","protected":false},"excerpt":{"rendered":"l&rsquo;essentiel Un homme a \u00e9t\u00e9 bless\u00e9 en fin de matin\u00e9e, samedi 27\u00a0d\u00e9cembre, devant un supermarch\u00e9 du quartier d\u2019Empalot,&hellip;\n","protected":false},"author":2,"featured_media":625846,"comment_status":"","ping_status":"","sticky":false,"template":"","format":"standard","meta":{"footnotes":""},"categories":[2816],"tags":[1111,11,1777,674,118,1011,27,2722,12,2680,25,2312],"class_list":{"0":"post-625845","1":"post","2":"type-post","3":"status-publish","4":"format-standard","5":"has-post-thumbnail","7":"category-toulouse","8":"tag-actu","9":"tag-actualites","10":"tag-eu","11":"tag-europe","12":"tag-faits-divers","13":"tag-fr","14":"tag-france","15":"tag-haute-garonne","16":"tag-news","17":"tag-occitanie","18":"tag-republique-francaise","19":"tag-toulouse"},"share_on_mastodon":{"url":"https:\/\/pubeurope.com\/@fr\/115793465446251265","error":""},"_links":{"self":[{"href":"https:\/\/www.europesays.com\/fr\/wp-json\/wp\/v2\/posts\/625845","targetHints":{"allow":["GET"]}}],"collection":[{"href":"https:\/\/www.europesays.com\/fr\/wp-json\/wp\/v2\/posts"}],"about":[{"href":"https:\/\/www.europesays.com\/fr\/wp-json\/wp\/v2\/types\/post"}],"author":[{"embeddable":true,"href":"https:\/\/www.europesays.com\/fr\/wp-json\/wp\/v2\/users\/2"}],"replies":[{"embeddable":true,"href":"https:\/\/www.europesays.com\/fr\/wp-json\/wp\/v2\/comments?post=625845"}],"version-history":[{"count":0,"href":"https:\/\/www.europesays.com\/fr\/wp-json\/wp\/v2\/posts\/625845\/revisions"}],"wp:featuredmedia":[{"embeddable":true,"href":"https:\/\/www.europesays.com\/fr\/wp-json\/wp\/v2\/media\/625846"}],"wp:attachment":[{"href":"https:\/\/www.europesays.com\/fr\/wp-json\/wp\/v2\/media?parent=625845"}],"wp:term":[{"taxonomy":"category","embeddable":true,"href":"https:\/\/www.europesays.com\/fr\/wp-json\/wp\/v2\/categories?post=625845"},{"taxonomy":"post_tag","embeddable":true,"href":"https:\/\/www.europesays.com\/fr\/wp-json\/wp\/v2\/tags?post=625845"}],"curies":[{"name":"wp","href":"https:\/\/api.w.org\/{rel}","templated":true}]}}