{"id":625849,"date":"2025-12-27T20:42:11","date_gmt":"2025-12-27T20:42:11","guid":{"rendered":"https:\/\/www.europesays.com\/fr\/625849\/"},"modified":"2025-12-27T20:42:11","modified_gmt":"2025-12-27T20:42:11","slug":"une-jeune-femme-retrouvee-morte-en-plein-lille-son-compagnon-arrete-apres-avoir-appele-la-police-pour-se-denoncer","status":"publish","type":"post","link":"https:\/\/www.europesays.com\/fr\/625849\/","title":{"rendered":"Une jeune femme retrouv\u00e9e morte en plein Lille, son compagnon arr\u00eat\u00e9 apr\u00e8s avoir appel\u00e9 la police pour se d\u00e9noncer"},"content":{"rendered":"<p>\n                                                                    l&rsquo;essentiel<br \/>\n                                                                La jeune femme pr\u00e9sentait plusieurs plaies \u00e0 l\u2019arme blanche, et son compagnon \u00e2g\u00e9 de 29 ans avait un couteau \u00e0 la main \u00e0 l\u2019arriv\u00e9e des forces de l\u2019ordre.\n                            <\/p>\n<p>Une femme de 25 ans a \u00e9t\u00e9 retrouv\u00e9e morte dans le centre de Lille samedi en d\u00e9but d\u2019apr\u00e8s-midi apr\u00e8s que son compagnon s\u2019est d\u00e9nonc\u00e9 \u00e0 la police, ont indiqu\u00e9 le parquet de Lille et une source polici\u00e8re \u00e0 l\u2019AFP.<\/p>\n<p>La jeune femme pr\u00e9sentait plusieurs plaies \u00e0 l\u2019arme blanche, et son compagnon \u00e2g\u00e9 de 29 ans avait un couteau \u00e0 la main \u00e0 l\u2019arriv\u00e9e des forces de l\u2019ordre, a pr\u00e9cis\u00e9 la source polici\u00e8re, confirmant des informations d\u2019Ici Nord.<\/p>\n<p>L\u2019homme qui avait appel\u00e9 la police pour s\u2019accuser, a \u00e9t\u00e9 neutralis\u00e9 par les policiers puis interpell\u00e9, selon la m\u00eame source.\u00a0Il a \u00ab\u00a0\u00e9t\u00e9 plac\u00e9 imm\u00e9diatement en garde \u00e0 vue du chef d\u2019homicide par concubin\u00a0\u00bb, a ajout\u00e9 le procureur de la R\u00e9publique adjoint de Lille, Antoine Berthelot.<\/p>\n<p>Constatations\u00a0\u00ab\u00a0en cours\u00a0\u00bb ce samedi soir<\/p>\n<p>Cet homme n\u2019a pas encore \u00e9t\u00e9 entendu, et \u00ab\u00a0aucun mobile possible n\u2019est donc pour l\u2019heure avanc\u00e9 par ce dernier\u00a0\u00bb, a-t-il pr\u00e9cis\u00e9, ajoutant que des constatations \u00e9taient \u00ab\u00a0en cours\u00a0\u00bb samedi soir.\u00a0Le service local de police judiciaire (SLPJ) a \u00e9t\u00e9 saisi, d\u2019apr\u00e8s la source polici\u00e8re interrog\u00e9e par l\u2019AFP.<\/p>\n<p>Chaque jour en France, plus de trois femmes sont victimes de f\u00e9minicide ou tentative de f\u00e9minicide conjugal, un chiffre en hausse sur un an, selon les donn\u00e9es de 2024 de la mission interminist\u00e9rielle pour la protection des femmes (Miprof) publi\u00e9es en novembre.\u00a0Jeudi, un homme avait \u00e9t\u00e9 plac\u00e9 en garde \u00e0 vue \u00e0 Lille apr\u00e8s la d\u00e9couverte de sa compagne morte dans son appartement.<\/p>\n","protected":false},"excerpt":{"rendered":"l&rsquo;essentiel La jeune femme pr\u00e9sentait plusieurs plaies \u00e0 l\u2019arme blanche, et son compagnon \u00e2g\u00e9 de 29 ans avait&hellip;\n","protected":false},"author":2,"featured_media":625850,"comment_status":"","ping_status":"","sticky":false,"template":"","format":"standard","meta":{"footnotes":""},"categories":[2815],"tags":[1111,11,1777,674,118,1011,27,811,1307,12,25],"class_list":{"0":"post-625849","1":"post","2":"type-post","3":"status-publish","4":"format-standard","5":"has-post-thumbnail","7":"category-lille","8":"tag-actu","9":"tag-actualites","10":"tag-eu","11":"tag-europe","12":"tag-faits-divers","13":"tag-fr","14":"tag-france","15":"tag-hauts-de-france","16":"tag-lille","17":"tag-news","18":"tag-republique-francaise"},"share_on_mastodon":{"url":"https:\/\/pubeurope.com\/@fr\/115793477276048132","error":""},"_links":{"self":[{"href":"https:\/\/www.europesays.com\/fr\/wp-json\/wp\/v2\/posts\/625849","targetHints":{"allow":["GET"]}}],"collection":[{"href":"https:\/\/www.europesays.com\/fr\/wp-json\/wp\/v2\/posts"}],"about":[{"href":"https:\/\/www.europesays.com\/fr\/wp-json\/wp\/v2\/types\/post"}],"author":[{"embeddable":true,"href":"https:\/\/www.europesays.com\/fr\/wp-json\/wp\/v2\/users\/2"}],"replies":[{"embeddable":true,"href":"https:\/\/www.europesays.com\/fr\/wp-json\/wp\/v2\/comments?post=625849"}],"version-history":[{"count":0,"href":"https:\/\/www.europesays.com\/fr\/wp-json\/wp\/v2\/posts\/625849\/revisions"}],"wp:featuredmedia":[{"embeddable":true,"href":"https:\/\/www.europesays.com\/fr\/wp-json\/wp\/v2\/media\/625850"}],"wp:attachment":[{"href":"https:\/\/www.europesays.com\/fr\/wp-json\/wp\/v2\/media?parent=625849"}],"wp:term":[{"taxonomy":"category","embeddable":true,"href":"https:\/\/www.europesays.com\/fr\/wp-json\/wp\/v2\/categories?post=625849"},{"taxonomy":"post_tag","embeddable":true,"href":"https:\/\/www.europesays.com\/fr\/wp-json\/wp\/v2\/tags?post=625849"}],"curies":[{"name":"wp","href":"https:\/\/api.w.org\/{rel}","templated":true}]}}