{"id":625851,"date":"2025-12-27T20:43:12","date_gmt":"2025-12-27T20:43:12","guid":{"rendered":"https:\/\/www.europesays.com\/fr\/625851\/"},"modified":"2025-12-27T20:43:12","modified_gmt":"2025-12-27T20:43:12","slug":"opera-de-marseille-un-barbier-de-seville-loin-detre-rasoir-pour-les-fetes","status":"publish","type":"post","link":"https:\/\/www.europesays.com\/fr\/625851\/","title":{"rendered":"Op\u00e9ra de Marseille &#8211; Un Barbier de S\u00e9ville loin d\u2019\u00eatre rasoir pour les f\u00eates"},"content":{"rendered":"<p>Vous en voulez de la bonne humeur ? Alors rendez-vous \u00e0 l\u2019Op\u00e9ra de Marseille pour les repr\u00e9sentations du \u00ab\u00a0Barbier de S\u00e9ville \u00bb programm\u00e9es pour les f\u00eates. Enfin, si vous arrivez \u00e0 d\u00e9goter une place. Car jusqu\u2019au\u00a04 janvier la maison affiche complet ; on ne cessera de le r\u00e9p\u00e9ter : sur les quais du Vieux-Port, le bel canto fait recette !<br \/>\n<img fetchpriority=\"high\" decoding=\"async\" class=\"size-large wp-image-111720\" src=\"https:\/\/www.europesays.com\/fr\/wp-content\/uploads\/2025\/12\/Barbier-1024x683.jpg\" alt=\"Destimed Barbier\" width=\"1024\" height=\"683\"  \/>Le Final de ce \u00ab\u00a0Barbier de S\u00e9ville avec Rosine et Almaviva qui s\u2019\u00e9l\u00e8vent dans la nacelle d\u2019une Montgolfi\u00e8re sous les regards de Bartolo et don Basilion (\u00e0 g.) et de Figaro (\u00e0 dr.) \u00a9 Christian Dresse<\/p>\n<p>Elle vaut vraiment le coup cette production de l\u2019op\u00e9ra le plus connu de Rossini. Il faut dire qu\u2019en trois heures de musique, le compositeur a truff\u00e9 son \u00ab Barbier de S\u00e9ville \u00bb de \u00ab tubes \u00bb dont les airs courent dans les t\u00eates. \u00ab Figaro ci, Figaro l\u00e0\u2026 \u00bb, \u00ab La calomnie \u00bb, entre autres, sont des pierres vocales de taille de l\u2019ouvrage. La production programm\u00e9e pour les f\u00eates par Maurice Xiberras, le directeur g\u00e9n\u00e9ral de l\u2019op\u00e9ra marseillais, est sign\u00e9e du Rouennais P\u00eferre-Emmanuel Rousseau pour la mise en sc\u00e8ne, les d\u00e9cors et les costumes. On est au XVIIIe si\u00e8cle \u00e0 S\u00e9ville, Rosine est enferm\u00e9e par son tuteur Bartolo entre les murs d\u2019un superbe patio o\u00f9 se d\u00e9roule l\u2019action. Rien ne choque, tout est en ad\u00e9quation avec le livret et pourtant on est bien loin de la mi\u00e8vrerie et de l\u2019espagnolade \u00e0 bas co\u00fbt. Au contraire, le travail propos\u00e9 est d\u2019une grande modernit\u00e9 et retient l\u2019attention du d\u00e9but \u00e0 la fin.<\/p>\n<p>Eleonore Pancrazi, superbe Rosine<\/p>\n<p>Dans cet environnement soign\u00e9, la com\u00e9die n\u2019occulte pas des pr\u00e9occupations actuelles moins heureuses comme les violences faites aux femmes, ici l\u2019enfermement et les mariages forc\u00e9s mais l\u2019\u00e9vocation qui en est faite l\u2019est avec une extr\u00eame sensibilit\u00e9, en pointill\u00e9s bien pr\u00e9sents. Et Rosine, loin d\u2019\u00eatre une pupille soumise, affirme sa f\u00e9minit\u00e9 et sa libert\u00e9, n\u2019h\u00e9sitant pas \u00e0 fustiger Don Basilio, le ma\u00eetre de musique, \u00e0 coups d\u2019\u00e9ventail lorsque ce dernier tente d\u2019approcher ses mains baladeuses. Une Rosine qui, \u00e0 Marseille, a les traits d\u2019Eleonore Pancrazi. La mezzo-soprano ajaccienne prend avec bonheur ce r\u00f4le qui lui convient \u00e0 merveille, sc\u00e9niquement et vocalement. La ligne de chant est pr\u00e9cise et solide et les nuances agr\u00e9ables. Le sourire qui illuminait son visage aux saluts en disait long sur sa satisfaction.<\/p>\n<p>Un Figaro impressionnant<\/p>\n<p>Du c\u00f4t\u00e9 des hommes, c\u2019est le Figaro de Vito Priante qui se taille la part du lion avec une prestation magistrale en barbier bad boy, cicatrice sur le visage et couteau vite d\u00e9gain\u00e9. Le jeu est virevoltant et la voix puissante, id\u00e9alement projet\u00e9e, avec une aisance et une d\u00e9contraction \u00e9tonnantes. A ses c\u00f4t\u00e9s, l\u2019Almaviva de Santiago Ballerini, s\u2019il poss\u00e8de une certaine noblesse, connait un d\u00e9but de repr\u00e9sentation d\u00e9licat et va en s\u2019affirmant au fil des minutes. Marc Barrard, on le sait, c\u2019est la solidit\u00e9 incarn\u00e9e, les deux pieds sur sc\u00e8ne et les cordes vocales affut\u00e9es. Le r\u00f4le de Bartolo, barbon d\u00e9plaisant, il le connait bien et en fait son affaire sans probl\u00e8me. Tout comme Alessio Cacciamani campe un don Basilio impressionnant par sa taille et par sa voix de basse avec laquelle il livre id\u00e9alement son air de la calomnie. Andreea Soare (Berta), Gilen Goicoechea (Fiorello) et Norbert Dol (l\u2019officier) compl\u00e8tent la distribution avec qualit\u00e9 vocale et perfection sc\u00e9nique, le ch\u0153ur de l\u2019op\u00e9ra apportant sa contribution \u00e0 l\u2019ensemble avec bonheur. A la direction de l\u2019orchestre maison, dont le son sied parfaitement \u00e0 la musique de Rossini, Alessandro Cadario propose une lecture parfois un peu lin\u00e9aire d\u2019une partition qui ne demande qu\u2019\u00e0 p\u00e9tiller\u2026 C\u2019est de saison !<\/p>\n<p><strong>Michel EGEA<\/strong><\/p>\n<p>Prochaines repr\u00e9sentations les 28 d\u00e9cembre (14h30), 31 d\u00e9cembre et 2 janvier (20 heures) et 4 janvier (14h30). Plus d\u2019informations et r\u00e9servations : <a href=\"https:\/\/opera-odeon.marseille.fr\/\" target=\"_blank\" rel=\"noopener\">opera-odeon.marseille.fr<\/a><\/p>\n","protected":false},"excerpt":{"rendered":"Vous en voulez de la bonne humeur ? Alors rendez-vous \u00e0 l\u2019Op\u00e9ra de Marseille pour les repr\u00e9sentations du&hellip;\n","protected":false},"author":2,"featured_media":625852,"comment_status":"","ping_status":"","sticky":false,"template":"","format":"standard","meta":{"footnotes":""},"categories":[2814],"tags":[1111,11,1777,674,1011,27,884,12,882,25],"class_list":{"0":"post-625851","1":"post","2":"type-post","3":"status-publish","4":"format-standard","5":"has-post-thumbnail","7":"category-marseille","8":"tag-actu","9":"tag-actualites","10":"tag-eu","11":"tag-europe","12":"tag-fr","13":"tag-france","14":"tag-marseille","15":"tag-news","16":"tag-provence-alpes-cote-dazur","17":"tag-republique-francaise"},"share_on_mastodon":{"url":"https:\/\/pubeurope.com\/@fr\/115793482378856484","error":""},"_links":{"self":[{"href":"https:\/\/www.europesays.com\/fr\/wp-json\/wp\/v2\/posts\/625851","targetHints":{"allow":["GET"]}}],"collection":[{"href":"https:\/\/www.europesays.com\/fr\/wp-json\/wp\/v2\/posts"}],"about":[{"href":"https:\/\/www.europesays.com\/fr\/wp-json\/wp\/v2\/types\/post"}],"author":[{"embeddable":true,"href":"https:\/\/www.europesays.com\/fr\/wp-json\/wp\/v2\/users\/2"}],"replies":[{"embeddable":true,"href":"https:\/\/www.europesays.com\/fr\/wp-json\/wp\/v2\/comments?post=625851"}],"version-history":[{"count":0,"href":"https:\/\/www.europesays.com\/fr\/wp-json\/wp\/v2\/posts\/625851\/revisions"}],"wp:featuredmedia":[{"embeddable":true,"href":"https:\/\/www.europesays.com\/fr\/wp-json\/wp\/v2\/media\/625852"}],"wp:attachment":[{"href":"https:\/\/www.europesays.com\/fr\/wp-json\/wp\/v2\/media?parent=625851"}],"wp:term":[{"taxonomy":"category","embeddable":true,"href":"https:\/\/www.europesays.com\/fr\/wp-json\/wp\/v2\/categories?post=625851"},{"taxonomy":"post_tag","embeddable":true,"href":"https:\/\/www.europesays.com\/fr\/wp-json\/wp\/v2\/tags?post=625851"}],"curies":[{"name":"wp","href":"https:\/\/api.w.org\/{rel}","templated":true}]}}