{"id":625853,"date":"2025-12-27T20:44:12","date_gmt":"2025-12-27T20:44:12","guid":{"rendered":"https:\/\/www.europesays.com\/fr\/625853\/"},"modified":"2025-12-27T20:44:12","modified_gmt":"2025-12-27T20:44:12","slug":"la-corrida-du-vieux-port-et-ses-totemiques-sardines-pretes-a-reboucher-le-lacydon-ce-dimanche","status":"publish","type":"post","link":"https:\/\/www.europesays.com\/fr\/625853\/","title":{"rendered":"la corrida du Vieux-Port et ses tot\u00e9miques sardines pr\u00eates \u00e0 reboucher le Lacydon ce dimanche"},"content":{"rendered":"<p>When the legend becomes fact, print the legend (quand la l\u00e9gende d\u00e9passe la r\u00e9alit\u00e9, on imprime la r\u00e9alit\u00e9). Cette citation &#8211; pas tr\u00e8s journalistique &#8211; extraite du film de John Ford \u00ab\u00a0L\u2019homme qui tua Liberty Valance\u00a0\u00bb\u00a0rappelle que c\u2019est bien la Sartine, et non la Sardine, qui s\u2019\u00e9choua dans le chenal d\u2019entr\u00e9e de ce qui \u00e9tait encore le port de Marseille, le 19\u00a0mai\u00a01780.<\/p>\n<p>Non, aucun cup\u00e9iforme n\u2019a jamais bouch\u00e9 le Vieux-Port, ce qui ne va pas emp\u00eacher, 245\u00a0ans plus tard, ce dimanche en fin d\u2019apr\u00e8s-midi, de voir des hordes de sardine bloquer les abords du Lacydon. Un ph\u00e9nom\u00e8ne r\u00e9current au moment des f\u00eates de fin d\u2019ann\u00e9e depuis le d\u00e9but du troisi\u00e8me mill\u00e9naire, mais auquel on n\u2019avait plus assist\u00e9 depuis\u00a02023.<\/p>\n<p>D\u00e9guisements vivement conseill\u00e9s<\/p>\n<p>Voil\u00e0 donc <a href=\"https:\/\/www.laprovence.com\/article\/edition-marseille\/5300179\/corrida-le-jour-ou-la-sardine-est-sortie-du-vieux-port.html\" target=\"_blank\" rel=\"noopener\">le grand retour de la corrida du Vieux-Port<\/a>, cr\u00e9\u00e9e par le Stade marseillais universit\u00e9 club (Smuc), club estudiantin \u00e0 l\u2019esprit carabin, qui cr\u00e9a aussi le Pilou-Pilou bien avant que des guerriers en rouge et noir fans de ballon ovale ne l\u2019exportent en rade de Toulon (mais c\u2019est une autre histoire).<\/p>\n<p>En revanche, le Smuc n\u2019a pas l\u2019apanage de la \u00ab\u00a0corrida\u00a0\u00bb, traduction basique du mot \u00ab\u00a0course\u00a0\u00bb en portugais ou espagnol, que l\u2019on associe de nos jours avant tout aux corridas de toros. L\u2019originale corrida, du moins la plus connue, est la \u00ab\u00a0corrida de S\u00e3o Silvestre\u00a0\u00bb, \u00e0 S\u00e3o Paulo (Br\u00e9sil), une course \u00e0 pied d\u00e9guis\u00e9e qui se d\u00e9roule depuis\u00a01925 la veille du Jour de l\u2019An. Le ph\u00e9nom\u00e8ne a fait des \u00e9mules partout dans le monde, jusqu\u2019en France (avec, par exemple, la c\u00e9l\u00e8bre corrida de Houilles).<\/p>\n<p>Course festive de fin d\u2019ann\u00e9e, la corrida du Vieux-Port se tient traditionnellement entre No\u00ebl et Jour de l\u2019An, m\u00eame si les derni\u00e8res \u00e9ditions (2017-2023) \u00e9taient intervenues dans la p\u00e9riode de l\u2019Avent, entre le 17 et le 23\u00a0d\u00e9cembre. En\u00a02017, pour \u00ab\u00a0Marseille capitale europ\u00e9enne du sport\u00a0\u00bb, elle avait \u00e9t\u00e9 programm\u00e9e le 31\u00a0d\u00e9cembre.<\/p>\n<p>Si la course br\u00e9silienne est longue de 15 kilom\u00e8tres et exigeante, la marseillaise se limite \u00e0 5 kilom\u00e8tres et ne rev\u00eat aucune difficult\u00e9 majeure m\u00eame pour des bip\u00e8des \u00e0 nageoires.<\/p>\n<p>Fanfares et d\u00e9guisements en tous genres sont donc attendus autour de la mairie centrale, pour ce renouveau, la 16e \u00e9dition datant de\u00a02023. Ce samedi, \u00e0 la veille du d\u00e9part, pr\u00e8s de 800 coureurs (pour une jauge maximale de 900) \u00e9taient d\u00e9j\u00e0 engag\u00e9s, soit \u00e0 peu pr\u00e8s autant qu\u2019en\u00a02023. Le record de participation remonte \u00e0\u00a02014, avec plus de\u00a01000 class\u00e9s \u00e0 l\u2019arriv\u00e9e.<\/p>\n<p>D\u00e9part \u00e0 17h, face \u00e0 l&rsquo;H\u00f4tel de Ville de Marseille. 5 km. (2 x 2,5 km). Inscription 15 euros (2 \u20ac revers\u00e9s \u00e0 la Banque Alimentaire des Bouches-du-Rh\u00f4ne). Limit\u00e9 \u00e0 900 dossards.<\/p>\n","protected":false},"excerpt":{"rendered":"When the legend becomes fact, print the legend (quand la l\u00e9gende d\u00e9passe la r\u00e9alit\u00e9, on imprime la r\u00e9alit\u00e9).&hellip;\n","protected":false},"author":2,"featured_media":625854,"comment_status":"","ping_status":"","sticky":false,"template":"","format":"standard","meta":{"footnotes":""},"categories":[2814],"tags":[17,1111,11,45176,6466,1777,674,1011,27,884,12,6342,882,25,16943,2407,60,73504,1179],"class_list":{"0":"post-625853","1":"post","2":"type-post","3":"status-publish","4":"format-standard","5":"has-post-thumbnail","7":"category-marseille","8":"tag-17","9":"tag-actu","10":"tag-actualites","11":"tag-corrida","12":"tag-course","13":"tag-eu","14":"tag-europe","15":"tag-fr","16":"tag-france","17":"tag-marseille","18":"tag-news","19":"tag-pied","20":"tag-provence-alpes-cote-dazur","21":"tag-republique-francaise","22":"tag-sardines","23":"tag-ses","24":"tag-sports","25":"tag-totemiques","26":"tag-vieux-port"},"share_on_mastodon":{"url":"https:\/\/pubeurope.com\/@fr\/115793485062240895","error":""},"_links":{"self":[{"href":"https:\/\/www.europesays.com\/fr\/wp-json\/wp\/v2\/posts\/625853","targetHints":{"allow":["GET"]}}],"collection":[{"href":"https:\/\/www.europesays.com\/fr\/wp-json\/wp\/v2\/posts"}],"about":[{"href":"https:\/\/www.europesays.com\/fr\/wp-json\/wp\/v2\/types\/post"}],"author":[{"embeddable":true,"href":"https:\/\/www.europesays.com\/fr\/wp-json\/wp\/v2\/users\/2"}],"replies":[{"embeddable":true,"href":"https:\/\/www.europesays.com\/fr\/wp-json\/wp\/v2\/comments?post=625853"}],"version-history":[{"count":0,"href":"https:\/\/www.europesays.com\/fr\/wp-json\/wp\/v2\/posts\/625853\/revisions"}],"wp:featuredmedia":[{"embeddable":true,"href":"https:\/\/www.europesays.com\/fr\/wp-json\/wp\/v2\/media\/625854"}],"wp:attachment":[{"href":"https:\/\/www.europesays.com\/fr\/wp-json\/wp\/v2\/media?parent=625853"}],"wp:term":[{"taxonomy":"category","embeddable":true,"href":"https:\/\/www.europesays.com\/fr\/wp-json\/wp\/v2\/categories?post=625853"},{"taxonomy":"post_tag","embeddable":true,"href":"https:\/\/www.europesays.com\/fr\/wp-json\/wp\/v2\/tags?post=625853"}],"curies":[{"name":"wp","href":"https:\/\/api.w.org\/{rel}","templated":true}]}}