{"id":625855,"date":"2025-12-27T20:45:27","date_gmt":"2025-12-27T20:45:27","guid":{"rendered":"https:\/\/www.europesays.com\/fr\/625855\/"},"modified":"2025-12-27T20:45:27","modified_gmt":"2025-12-27T20:45:27","slug":"metropole-de-lyon-bras-de-fer-judiciaire-entre-une-boucherie-halal-et-une-mairie-on-vous-explique","status":"publish","type":"post","link":"https:\/\/www.europesays.com\/fr\/625855\/","title":{"rendered":"M\u00e9tropole de Lyon. Bras de fer judiciaire entre\u00a0une\u00a0boucherie halal et une mairie : on vous explique"},"content":{"rendered":"<p>Une politique commerciale qui fait d\u00e9bat\u00a0: faut-il, comme l\u2019imagine la mairie, garantir la diversit\u00e9 de l\u2019offre dans un p\u00e9rim\u00e8tre donn\u00e9, ou, comme l\u2019a sugg\u00e9r\u00e9 l\u2019opposition, permettre \u00e0 un commer\u00e7ant bien portant d\u2019\u00e9tendre son activit\u00e9 dans le local voisin d\u00e9sert\u00e9\u00a0? La question s\u2019est pos\u00e9e, lors du conseil municipal de Sainte-Foy-l\u00e8s-Lyon, au cours duquel les \u00e9lus fid\u00e9siens ont d\u00e9battu du sort du projet d\u2019expansion de la boucherie de la place Saint-Luc (lire par ailleurs).<\/p>\n<p>\u00ab\u00a0Des b\u00e2tons dans les roues\u00a0\u00bb<\/p>\n<p>Mehdi Nbaia, propri\u00e9taire de cette boucherie halal, a lanc\u00e9 son activit\u00e9 en 2017, dans un local de 39\u00a0m\u00b2. Une surface devenue insuffisante pour le commer\u00e7ant, qui compte aujourd\u2019hui trois salari\u00e9s et voudrait diversifier son offre. \u00ab\u00a0On voudrait faire notre propre charcuterie. Les clients ach\u00e8tent moins mais mieux, ils veulent de la qualit\u00e9.\u00a0\u00bb<\/p>\n<p>Alors, quand la propri\u00e9taire de l\u2019auto-\u00e9cole voisine met la cl\u00e9 sous la porte, Mehdi Nbaia&#8230;<\/p>\n","protected":false},"excerpt":{"rendered":"Une politique commerciale qui fait d\u00e9bat\u00a0: faut-il, comme l\u2019imagine la mairie, garantir la diversit\u00e9 de l\u2019offre dans un&hellip;\n","protected":false},"author":2,"featured_media":625856,"comment_status":"","ping_status":"","sticky":false,"template":"","format":"standard","meta":{"footnotes":""},"categories":[1889],"tags":[1111,11,2430,4406,1984,33,3154,1777,674,107,1011,27,2428,12,316,5889,25,2429,15673,15674,104],"class_list":{"0":"post-625855","1":"post","2":"type-post","3":"status-publish","4":"format-standard","5":"has-post-thumbnail","7":"category-lyon","8":"tag-actu","9":"tag-actualites","10":"tag-auvergne-rhone-alpes","11":"tag-commerce-et-services","12":"tag-conseil-municipal","13":"tag-economie","14":"tag-edition-sud-lyonnais","15":"tag-eu","16":"tag-europe","17":"tag-fil-info","18":"tag-fr","19":"tag-france","20":"tag-lyon","21":"tag-news","22":"tag-politique","23":"tag-religion-croyance","24":"tag-republique-francaise","25":"tag-rhone","26":"tag-sainte-foy-les-lyon","27":"tag-sainte-foy-les-lyon-bassin","28":"tag-societe"},"share_on_mastodon":{"url":"https:\/\/pubeurope.com\/@fr\/115793488977394638","error":""},"_links":{"self":[{"href":"https:\/\/www.europesays.com\/fr\/wp-json\/wp\/v2\/posts\/625855","targetHints":{"allow":["GET"]}}],"collection":[{"href":"https:\/\/www.europesays.com\/fr\/wp-json\/wp\/v2\/posts"}],"about":[{"href":"https:\/\/www.europesays.com\/fr\/wp-json\/wp\/v2\/types\/post"}],"author":[{"embeddable":true,"href":"https:\/\/www.europesays.com\/fr\/wp-json\/wp\/v2\/users\/2"}],"replies":[{"embeddable":true,"href":"https:\/\/www.europesays.com\/fr\/wp-json\/wp\/v2\/comments?post=625855"}],"version-history":[{"count":0,"href":"https:\/\/www.europesays.com\/fr\/wp-json\/wp\/v2\/posts\/625855\/revisions"}],"wp:featuredmedia":[{"embeddable":true,"href":"https:\/\/www.europesays.com\/fr\/wp-json\/wp\/v2\/media\/625856"}],"wp:attachment":[{"href":"https:\/\/www.europesays.com\/fr\/wp-json\/wp\/v2\/media?parent=625855"}],"wp:term":[{"taxonomy":"category","embeddable":true,"href":"https:\/\/www.europesays.com\/fr\/wp-json\/wp\/v2\/categories?post=625855"},{"taxonomy":"post_tag","embeddable":true,"href":"https:\/\/www.europesays.com\/fr\/wp-json\/wp\/v2\/tags?post=625855"}],"curies":[{"name":"wp","href":"https:\/\/api.w.org\/{rel}","templated":true}]}}