{"id":625859,"date":"2025-12-27T20:50:21","date_gmt":"2025-12-27T20:50:21","guid":{"rendered":"https:\/\/www.europesays.com\/fr\/625859\/"},"modified":"2025-12-27T20:50:21","modified_gmt":"2025-12-27T20:50:21","slug":"la-garde-a-vue-du-suspect-levee-pour-raison-psychiatrique","status":"publish","type":"post","link":"https:\/\/www.europesays.com\/fr\/625859\/","title":{"rendered":"la garde \u00e0 vue du suspect lev\u00e9e pour raison psychiatrique"},"content":{"rendered":"<p class=\"article-p mdl\">Une garde \u00e0 vue lev\u00e9e pour raison psychiatrique. Vendredi entre 16h15 et 16h45,\u00a0<a class=\"link\" href=\"https:\/\/www.rtl.fr\/actu\/justice-faits-divers\/trois-blessees-le-profil-du-suspect-ce-que-l-on-sait-de-l-attaque-a-l-arme-blanche-sur-la-ligne-3-du-metro-parisien-7900582729\" title=\"Trois bless\u00e9es, le profil du suspect... Ce que l&#039;on sait de l&#039;attaque \u00e0 l&#039;arme blanche sur la ligne 3 du m\u00e9tro parisien\" target=\"_blank\" rel=\"noopener\">un jeune homme de 25 ans a poignard\u00e9 et bless\u00e9 l\u00e9g\u00e8rement trois femmes sur la ligne 3 du m\u00e9tro parisien<\/a>\u00a0avant de prendre la fuite. Il a par la suite \u00e9t\u00e9 interpell\u00e9 \u00e0 Sarcelles, dans le Val-d&rsquo;Oise, peu avant 19 heures. Ce sont les images de vid\u00e9osurveillance et la g\u00e9olocalisation de son t\u00e9l\u00e9phone qui ont permis son identification et son arrestation.\u00a0<\/p>\n<p class=\"article-p mdl\">Le suspect avait ensuite \u00e9t\u00e9 plac\u00e9 en garde \u00e0 vue mais cette derni\u00e8re a \u00e9t\u00e9 lev\u00e9e ce samedi 27 d\u00e9cembre dans la soir\u00e9e car son \u00e9tat de sant\u00e9 a \u00e9t\u00e9 jug\u00e9 \u00ab\u00a0incompatible\u00a0\u00bb avec la garde \u00e0 vue. \u00ab\u00a0<strong>Il a \u00e9t\u00e9 conduit \u00e0 l&rsquo;infirmerie psychiatrique<\/strong>\u00ab\u00a0, a indiqu\u00e9 le parquet de Paris.\u00a0<\/p>\n<p class=\"article-p mdl\">Plus t\u00f4t dans la journ\u00e9e, il avait donn\u00e9 aux enqu\u00eateurs des premiers \u00e9l\u00e9ments pour expliquer son geste. Il a ainsi indiqu\u00e9\u00a0<a class=\"link\" href=\"https:\/\/www.rtl.fr\/actu\/justice-faits-divers\/il-a-agi-pour-se-soulager-le-suspect-de-l-attaque-au-couteau-a-paris-a-livre-de-premieres-explications-apres-son-geste-7900582865\" title=\"Il a agi &quot;pour se soulager&quot; : le suspect de l&#039;attaque au couteau \u00e0 Paris a livr\u00e9 de premi\u00e8res explications apr\u00e8s son geste\" target=\"_blank\" rel=\"noopener\">avoir agi \u00ab\u00a0pour se soulager\u00a0\u00bb<\/a>.\u00a0<\/p>\n<p>            Un suspect \u00ab\u00a0sous mandat de recherche\u00a0\u00bb<\/p>\n<p class=\"article-p mdl\">Selon\u00a0le minist\u00e8re de l&rsquo;Int\u00e9rieur, le suspect est\u00a0<a class=\"link\" href=\"https:\/\/www.rtl.fr\/actu\/justice-faits-divers\/connu-de-la-justice-prison-oqtf-ce-qu-on-sait-du-suspect-de-l-attaque-au-couteau-dans-le-metro-parisien-7900582782\" title=\"Connu de la justice, prison, OQTF... Ce qu&#039;on sait du suspect de l&#039;attaque au couteau dans le m\u00e9tro parisien\" target=\"_blank\" rel=\"noopener\">un Malien en situation irr\u00e9guli\u00e8re sur le territoire national<\/a>.\u00a0\u00ab\u00a0D\u00e9j\u00e0 connu pour destruction de biens sous l&#8217;emprise de stup\u00e9fiants\u00a0\u00bb, il avait \u00ab\u00a0\u00e9t\u00e9 \u00e9crou\u00e9 en janvier 2024 pour vol aggrav\u00e9 et agression sexuelle apr\u00e8s avoir \u00e9t\u00e9 condamn\u00e9 p\u00e9nalement\u00a0\u00bb, a ajout\u00e9 Beauvau.\u00a0<\/p>\n<p class=\"article-p mdl\">Lib\u00e9r\u00e9 en juillet, \u00ab\u00a0il a fait<strong> l&rsquo;objet d&rsquo;une obligation de quitter le territoire fran\u00e7ais (OQTF)<\/strong> et a \u00e9t\u00e9 plac\u00e9 en centre de r\u00e9tention administrative\u00a0\u00bb, a pr\u00e9cis\u00e9 le minist\u00e8re de l&rsquo;Int\u00e9rieur. \u00ab\u00a0L&rsquo;\u00e9loignement n&rsquo;ayant pu aboutir dans le d\u00e9lai l\u00e9gal des 90 jours, faute d&rsquo;obtention d&rsquo;un laisser-passer consulaire en l&rsquo;absence de titre d&rsquo;identit\u00e9 valide, il a \u00e9t\u00e9 lib\u00e9r\u00e9 avec assignation \u00e0 r\u00e9sidence\u00a0\u00bb, a expliqu\u00e9 le minist\u00e8re, pr\u00e9cisant qu&rsquo;il \u00e9tait \u00ab\u00a0sous mandat de recherche\u00a0\u00bb.<\/p>\n<p>    La r\u00e9daction vous recommande<\/p>\n<p class=\"s-newsletter__title\">\n                L\u2019actualit\u00e9 par la r\u00e9daction de RTL dans votre bo\u00eete mail.\n            <\/p>\n<p class=\"s-newsletter__subtitle\">\n                Gr\u00e2ce \u00e0 votre compte RTL abonnez-vous \u00e0 la newsletter RTL info pour suivre toute l&rsquo;actualit\u00e9 au quotidien\n            <\/p>\n<p>\n                                    Lire la suite\n                                <\/p>\n","protected":false},"excerpt":{"rendered":"Une garde \u00e0 vue lev\u00e9e pour raison psychiatrique. Vendredi entre 16h15 et 16h45,\u00a0un jeune homme de 25 ans&hellip;\n","protected":false},"author":2,"featured_media":249462,"comment_status":"","ping_status":"","sticky":false,"template":"","format":"standard","meta":{"footnotes":""},"categories":[1888],"tags":[1111,1928,11,1927,1777,674,118,107,1011,27,303,12,1926,626,1925,25],"class_list":{"0":"post-625859","1":"post","2":"type-post","3":"status-publish","4":"format-standard","5":"has-post-thumbnail","7":"category-paris","8":"tag-actu","9":"tag-actu-paris","10":"tag-actualites","11":"tag-actualites-paris","12":"tag-eu","13":"tag-europe","14":"tag-faits-divers","15":"tag-fil-info","16":"tag-fr","17":"tag-france","18":"tag-justice","19":"tag-news","20":"tag-news-paris","21":"tag-paris","22":"tag-paris-news","23":"tag-republique-francaise"},"share_on_mastodon":{"url":"https:\/\/pubeurope.com\/@fr\/115793508732044908","error":""},"_links":{"self":[{"href":"https:\/\/www.europesays.com\/fr\/wp-json\/wp\/v2\/posts\/625859","targetHints":{"allow":["GET"]}}],"collection":[{"href":"https:\/\/www.europesays.com\/fr\/wp-json\/wp\/v2\/posts"}],"about":[{"href":"https:\/\/www.europesays.com\/fr\/wp-json\/wp\/v2\/types\/post"}],"author":[{"embeddable":true,"href":"https:\/\/www.europesays.com\/fr\/wp-json\/wp\/v2\/users\/2"}],"replies":[{"embeddable":true,"href":"https:\/\/www.europesays.com\/fr\/wp-json\/wp\/v2\/comments?post=625859"}],"version-history":[{"count":0,"href":"https:\/\/www.europesays.com\/fr\/wp-json\/wp\/v2\/posts\/625859\/revisions"}],"wp:featuredmedia":[{"embeddable":true,"href":"https:\/\/www.europesays.com\/fr\/wp-json\/wp\/v2\/media\/249462"}],"wp:attachment":[{"href":"https:\/\/www.europesays.com\/fr\/wp-json\/wp\/v2\/media?parent=625859"}],"wp:term":[{"taxonomy":"category","embeddable":true,"href":"https:\/\/www.europesays.com\/fr\/wp-json\/wp\/v2\/categories?post=625859"},{"taxonomy":"post_tag","embeddable":true,"href":"https:\/\/www.europesays.com\/fr\/wp-json\/wp\/v2\/tags?post=625859"}],"curies":[{"name":"wp","href":"https:\/\/api.w.org\/{rel}","templated":true}]}}