{"id":625864,"date":"2025-12-27T20:53:26","date_gmt":"2025-12-27T20:53:26","guid":{"rendered":"https:\/\/www.europesays.com\/fr\/625864\/"},"modified":"2025-12-27T20:53:26","modified_gmt":"2025-12-27T20:53:26","slug":"garde-a-vue-levee-pour-le-suspect-de-lagression-au-couteau-de-trois-femmes-dans-le-metro","status":"publish","type":"post","link":"https:\/\/www.europesays.com\/fr\/625864\/","title":{"rendered":"garde \u00e0 vue lev\u00e9e pour le suspect de l\u2019agression au couteau de trois femmes dans le m\u00e9tro"},"content":{"rendered":"<p>        <img decoding=\"async\" loading=\"lazy\" src=\"https:\/\/www.europesays.com\/fr\/wp-content\/uploads\/2025\/12\/a81252f_1695237343413-gettyimages-1225514449-1.jpg\"  width=\"728\" height=\"409\" alt=\"Photo d\u2019illustration du m\u00e9tro parisien, o\u00f9 trois femmes ont \u00e9t\u00e9 l\u00e9g\u00e8rement bless\u00e9es vendredi 26\u00a0d\u00e9cembre sur le quai de trois stations de la ligne 3. \"\/>  <\/p>\n<p>Fr\u00c3\u00a9d\u00c3\u00a9ric Soltan \/ Corbis via Getty Images<\/p>\n<p>Photo d\u2019illustration du m\u00e9tro parisien, o\u00f9 trois femmes ont \u00e9t\u00e9 l\u00e9g\u00e8rement bless\u00e9es vendredi 26\u00a0d\u00e9cembre sur le quai de trois stations de la ligne 3. <\/p>\n<p class=\"asset asset-text\">Les auditions n\u2019iront pas plus loin. Interpell\u00e9 en fin d\u2019apr\u00e8s-midi vendredi, l\u2019auteur pr\u00e9sum\u00e9 des <a href=\"https:\/\/www.huffingtonpost.fr\/france\/article\/dans-le-metro-a-paris-trois-femmes-blessees-apres-des-agressions-au-couteau_258635.html\" target=\"_blank\" rel=\"noopener\">agressions au couteau dans le m\u00e9tro parisien<\/a> a vu sa garde \u00e0 vue lev\u00e9e ce samedi 27\u00a0d\u00e9cembre, le parquet de Paris invoquant pour cela une \u00ab\u00a0raison psychiatrique\u00a0\u00bb.<\/p>\n<p class=\"asset asset-text\">L\u2019homme d\u2019origine malienne et en situation irr\u00e9guli\u00e8re sur le territoire national a donc \u00e9t\u00e9 rel\u00e2ch\u00e9 pour \u00eatre conduit \u00e0 l\u2019infirmerie psychiatrique. La police ayant d\u00e9cid\u00e9 de lever sa garde \u00e0 vue car celle-ci a \u00e9t\u00e9 jug\u00e9e \u00ab\u00a0incompatible avec son \u00e9tat de sant\u00e9\u00a0\u00bb. Une expertise psychiatrique \u00e9tait d\u2019ailleurs pr\u00e9vue ce samedi, indique <a href=\"https:\/\/www.bfmtv.com\/paris\/agressions-au-couteau-dans-le-metro-parisien-la-garde-a-vue-du-suspect-levee-pour-raison-psychiatrique_AN-202512270254.html\" target=\"_blank\" rel=\"noopener\" title=\"Nouvelle fen\u00eatre\">BFMTV<\/a>.<\/p>\n<p class=\"asset asset-text\">Sur plusieurs quais de la ligne 3\u00a0du m\u00e9tro de Paris, trois femmes avaient \u00e9t\u00e9 l\u00e9g\u00e8rement bless\u00e9es vendredi, tandis qu\u2019un <a href=\"https:\/\/www.huffingtonpost.fr\/france\/article\/paris-ce-que-l-on-sait-du-suspect-apres-l-agression-au-couteau-de-trois-femmes-dans-le-metro_258639.html\" target=\"_blank\" rel=\"noopener\">homme, \u00e2g\u00e9 de 25\u00a0ans et d\u00e9j\u00e0 connu des services de police <\/a>\u00e9tait activement recherch\u00e9, apr\u00e8s avoir \u00e9t\u00e9 identifi\u00e9 par les cam\u00e9ras de surveillance de la RATP. Avant d\u2019\u00eatre interpell\u00e9 peu de temps apr\u00e8s les faits gr\u00e2ce \u00e0 la g\u00e9olocalisation de son t\u00e9l\u00e9phone.<\/p>\n<p class=\"asset asset-text\">Les faits s\u2019\u00e9taient d\u00e9roul\u00e9s \u00ab\u00a0entre 16h15\u00a0et 16h45\u00a0\u00bb dans trois stations desservies par la ligne 3, Arts et M\u00e9tiers, R\u00e9publique et Op\u00e9ra. Concernant les victimes, deux d\u2019entre elles avaient \u00ab\u00a0\u00e9t\u00e9 prises en charge par les secours et transport\u00e9es en milieu hospitalier sans pronostic vital engag\u00e9\u00a0\u00bb, tandis que la troisi\u00e8me s\u2019\u00e9tait pr\u00e9sent\u00e9e elle-m\u00eame \u00e0 l\u2019h\u00f4pital, a indiqu\u00e9 la pr\u00e9fecture de police. Le pr\u00e9fet de police de Paris Patrice Faure a depuis pr\u00e9cis\u00e9, sur X, que les trois victimes \u00ab\u00a0avaient \u00e9t\u00e9 l\u00e9g\u00e8rement bless\u00e9es\u00a0\u00bb.<\/p>\n<p>                     <strong>Sous le coup d\u2019une OQTF<\/strong>    <\/p>\n<p class=\"asset asset-text\">Apr\u00e8s son arrestation, le ministre de l\u2019Int\u00e9rieur Laurent Nunez avait fait savoir que l\u2019auteur pr\u00e9sum\u00e9 des faits avait \u00e9t\u00e9 imm\u00e9diatement plac\u00e9 en garde \u00e0 vue. Et que la justice avait d\u00e9j\u00e0 eu affaire \u00e0 lui par le pass\u00e9 \u00ab\u00a0pour destruction de biens sous l\u2019emprise de stup\u00e9fiants\u00a0\u00bb. Le suspect avait aussi \u00e9t\u00e9 \u00ab\u00a0\u00e9crou\u00e9 en janvier\u00a02024\u00a0pour vol aggrav\u00e9 et agression sexuelle apr\u00e8s avoir \u00e9t\u00e9 condamn\u00e9 p\u00e9nalement\u00a0\u00bb.<\/p>\n<p class=\"asset asset-text\">Lib\u00e9r\u00e9 depuis le mois de juillet, le vingtenaire faisait depuis \u00ab\u00a0l\u2019objet d\u2019une <a href=\"https:\/\/www.huffingtonpost.fr\/politique\/article\/oqtf-l-immigration-illustration-du-piege-de-la-droitisation-du-debat-pour-le-gouvernement_246690.html\" target=\"_blank\" rel=\"noopener\">obligation de quitter le territoire fran\u00e7ais <\/a>(OQTF)\u00a0\u00bb et avait \u00e9t\u00e9 \u00ab\u00a0plac\u00e9 en centre de r\u00e9tention administrative\u00a0\u00bb. Mais \u00ab\u00a0l\u2019\u00e9loignement n\u2019ayant pu aboutir dans le d\u00e9lai l\u00e9gal des 90 jours, faute d\u2019obtention d\u2019un laissez-passer consulaire en l\u2019absence de titre d\u2019identit\u00e9 valide, le jeune homme avait \u00e9t\u00e9 lib\u00e9r\u00e9 avec assignation \u00e0 r\u00e9sidence\u00a0\u00bb et \u00e9tait jusqu\u2019ici \u00ab\u00a0sous mandat de recherche\u00a0\u00bb, selon les nombreux d\u00e9tails fournis vendredi soir par le locataire de la place Beauvau.<\/p>\n","protected":false},"excerpt":{"rendered":"Fr\u00c3\u00a9d\u00c3\u00a9ric Soltan \/ Corbis via Getty Images Photo d\u2019illustration du m\u00e9tro parisien, o\u00f9 trois femmes ont \u00e9t\u00e9 l\u00e9g\u00e8rement&hellip;\n","protected":false},"author":2,"featured_media":625865,"comment_status":"","ping_status":"","sticky":false,"template":"","format":"standard","meta":{"footnotes":""},"categories":[1888],"tags":[11,1777,674,118,1011,27,303,4047,12,626,25],"class_list":{"0":"post-625864","1":"post","2":"type-post","3":"status-publish","4":"format-standard","5":"has-post-thumbnail","7":"category-paris","8":"tag-actualites","9":"tag-eu","10":"tag-europe","11":"tag-faits-divers","12":"tag-fr","13":"tag-france","14":"tag-justice","15":"tag-metro","16":"tag-news","17":"tag-paris","18":"tag-republique-francaise"},"share_on_mastodon":{"url":"https:\/\/pubeurope.com\/@fr\/115793520779090606","error":""},"_links":{"self":[{"href":"https:\/\/www.europesays.com\/fr\/wp-json\/wp\/v2\/posts\/625864","targetHints":{"allow":["GET"]}}],"collection":[{"href":"https:\/\/www.europesays.com\/fr\/wp-json\/wp\/v2\/posts"}],"about":[{"href":"https:\/\/www.europesays.com\/fr\/wp-json\/wp\/v2\/types\/post"}],"author":[{"embeddable":true,"href":"https:\/\/www.europesays.com\/fr\/wp-json\/wp\/v2\/users\/2"}],"replies":[{"embeddable":true,"href":"https:\/\/www.europesays.com\/fr\/wp-json\/wp\/v2\/comments?post=625864"}],"version-history":[{"count":0,"href":"https:\/\/www.europesays.com\/fr\/wp-json\/wp\/v2\/posts\/625864\/revisions"}],"wp:featuredmedia":[{"embeddable":true,"href":"https:\/\/www.europesays.com\/fr\/wp-json\/wp\/v2\/media\/625865"}],"wp:attachment":[{"href":"https:\/\/www.europesays.com\/fr\/wp-json\/wp\/v2\/media?parent=625864"}],"wp:term":[{"taxonomy":"category","embeddable":true,"href":"https:\/\/www.europesays.com\/fr\/wp-json\/wp\/v2\/categories?post=625864"},{"taxonomy":"post_tag","embeddable":true,"href":"https:\/\/www.europesays.com\/fr\/wp-json\/wp\/v2\/tags?post=625864"}],"curies":[{"name":"wp","href":"https:\/\/api.w.org\/{rel}","templated":true}]}}