{"id":625870,"date":"2025-12-27T20:57:28","date_gmt":"2025-12-27T20:57:28","guid":{"rendered":"https:\/\/www.europesays.com\/fr\/625870\/"},"modified":"2025-12-27T20:57:28","modified_gmt":"2025-12-27T20:57:28","slug":"3-potes-alsaciens-ont-lance-une-alternative-locale-aux-lego","status":"publish","type":"post","link":"https:\/\/www.europesays.com\/fr\/625870\/","title":{"rendered":"3 potes alsaciens ont lanc\u00e9 une alternative locale aux Lego\u00ae !"},"content":{"rendered":"<p><b>Trois amis alsaciens ont fond\u00e9 en 2025 BrixCool, une marque de construction en briques avec des mod\u00e8les rendant hommage \u00e0 la culture alsacienne. Quelques mois apr\u00e8s leur lancement, focus sur un projet ambitieux imagin\u00e9 entre le Bas-Rhin et le Haut-Rhin.<\/b><\/p>\n<p>BrixCool, c\u2019est l\u2019histoire de trois potes, <strong>de trois amoureux de la brique\u2026 <\/strong>Et surtout d\u2019un lien fraternel entre Jo\u00ebl et Sylvain, et d\u2019un lien amical entre ce dernier et Quentin,<strong> rencontr\u00e9 sur les bancs de la fac.\u00a0<\/strong><\/p>\n<p>Un trio dont<strong> la vie pro ne rime pourtant pas avec Lego\u00ae<\/strong> au premier abord. Quentin est opticien, Sylvain est consultant dans le marketing, tandis que Jo\u00ebl vient du monde de l\u2019animation 2D\/3D. Pourtant, ils partagent tous les trois cette m\u00eame passion des briques de construction et <strong>ont d\u00e9cid\u00e9 de se lancer pour proposer une alternative alsacienne \u00e0 la marque mondialement connue.<\/strong><\/p>\n<p>    <img width=\"800\" height=\"450\" src=\"https:\/\/www.europesays.com\/fr\/wp-content\/uploads\/2025\/12\/img-8994-800x450.jpg\" class=\"attachment-image-size-L size-image-size-L\" alt=\"BrixCool \/ LEGO\" decoding=\"async\" loading=\"lazy\"  \/>         \u00a9 Jules Scheuer \/ Pokaa <\/p>\n<p>\u00ab\u00a0\u00c7a fait <strong>un an et demi que le projet est dans les rouages<\/strong>\u00a0\u00bb, confesse Quentin, qui ferait presque figure de porte-parole de l\u2019\u00e9quipe. \u00ab<strong>\u00a0Je parle trop l\u00e0, non ?\u00a0<\/strong>\u00bb, demande-t-il \u00e0 ses amis au bout de quelques minutes.<\/p>\n<p>Une bande de potes \u00ab\u00a0un peu chauvins\u00a0\u00bb<\/p>\n<p>Un des premiers projets a \u00e9t\u00e9 lanc\u00e9 il y a huit mois par le trio <strong>avec une cigogne, symbole de l\u2019Alsace<\/strong>. \u00ab\u00a0<strong>On a souhait\u00e9 monter un projet alsacien<\/strong>, car on l\u2019est tous dans l\u2019\u00e2me, on est un peu chauvins\u00a0\u00bb, sourit Quentin.<\/p>\n<p>Rapidement, l\u2019oie a aussi trouv\u00e9 sa place dans la collection propos\u00e9e par BrixCool, \u00ab<strong>\u00a0<\/strong><strong>pour faire plaisir aux deux fr\u00e8res haut-rhinois<\/strong> [Jo\u00ebl et Sylvain, ndlr]\u00a0\u00bb.\u00a0<\/p>\n<p>                <img width=\"889\" height=\"500\" src=\"https:\/\/www.europesays.com\/fr\/wp-content\/uploads\/2025\/12\/img-9012-889x500.jpg\" class=\"attachment-gallery size-gallery\" alt=\"BrixCool \/ LEGO\" data-full-url=\"https:\/\/pokaa.fr\/wp-content\/uploads\/2025\/12\/17\/img-9012-1500x844.jpg\" decoding=\"async\" loading=\"lazy\"  \/>            <\/p>\n<p>                <img width=\"889\" height=\"500\" src=\"https:\/\/www.europesays.com\/fr\/wp-content\/uploads\/2025\/12\/img-9039-grande-889x500.jpeg\" class=\"attachment-gallery size-gallery\" alt=\"BrixCool \/ LEGO\" data-full-url=\"https:\/\/pokaa.fr\/wp-content\/uploads\/2025\/12\/17\/img-9039-grande.jpeg\" decoding=\"async\" loading=\"lazy\"  \/>            <\/p>\n<p>                    \u00a9 Jules Scheuer \/ Pokaa<\/p>\n<p>Puis rapidement, tout s\u2019acc\u00e9l\u00e8re. <strong>Seize mod\u00e8les diff\u00e9rents sont aujourd\u2019hui <a href=\"https:\/\/www.brix.cool\/fr\/products\/\" target=\"_blank\" rel=\"noopener\">propos\u00e9s sur le site web<\/a><\/strong> dans trois gammes diff\u00e9rents : <strong>les magnets et les pop-arts<\/strong>, vendus \u00e0 partir de 7,50 \u20ac et <strong>compos\u00e9s d\u2019une cinquantaine de pi\u00e8ces,<\/strong> sans oublier les projets plus ambitieux comme les miniatures.\u00a0<\/p>\n<p>L\u2019un des mod\u00e8les dans les miniatures est <strong>une reconstitution de la cath\u00e9drale de Strasbourg<\/strong>, compos\u00e9e de 287 pi\u00e8ces et affich\u00e9e <strong>au prix de 20 \u20ac.<\/strong> Le ch\u00e2teau du Haut-K\u0153nigsbourg (250 pi\u00e8ces) sera <strong>disponible \u00e0 compter du mois de mars.<\/strong><\/p>\n<p>                <img width=\"281\" height=\"500\" src=\"https:\/\/www.europesays.com\/fr\/wp-content\/uploads\/2025\/12\/img-9029-281x500.jpg\" class=\"attachment-gallery size-gallery\" alt=\"BrixCool \/ LEGO\" data-full-url=\"https:\/\/pokaa.fr\/wp-content\/uploads\/2025\/12\/17\/img-9029-1500x2667.jpg\" decoding=\"async\" loading=\"lazy\"  \/>            <\/p>\n<p>                <img width=\"889\" height=\"500\" src=\"https:\/\/www.europesays.com\/fr\/wp-content\/uploads\/2025\/12\/img-9023-889x500.jpg\" class=\"attachment-gallery size-gallery\" alt=\"BrixCool \/ LEGO\" data-full-url=\"https:\/\/pokaa.fr\/wp-content\/uploads\/2025\/12\/17\/img-9023-1500x844.jpg\" decoding=\"async\" loading=\"lazy\"  \/>            <\/p>\n<p>                    \u00a9 Jules Scheuer \/ Pokaa<\/p>\n<p>Des nouveaux projets, les trois gar\u00e7ons en ont plein la t\u00eate. \u00ab\u00a0<strong>On travaille d\u00e9j\u00e0 sur de nouvelles pistes<\/strong>, comme une chope de bi\u00e8re ou un bretzel qui sont en phase de conceptualisation. La prochaine miniature <strong>repr\u00e9sentera la skyline strasbourgeoise<\/strong>\u00a0\u00bb, glisse Quentin.<\/p>\n<p>\u00ab\u00a0On aimerait un jour r\u00e9ussir \u00e0 imprimer nos pi\u00e8ces nous-m\u00eames\u00a0\u00bb<\/p>\n<p>Pour permettre \u00e0 l\u2019\u00e9quipe de conceptualiser tous ces projets, <strong>c\u2019est \u00e0 Jo\u00ebl d\u2019intervenir.<\/strong> Pour mod\u00e9liser les futures pi\u00e8ces de BrixCool, il passe par <a href=\"https:\/\/www.bricklink.com\/v3\/studio\/download.page\" target=\"_blank\" rel=\"noopener\">le logiciel Studio<\/a>, <strong>programme mis \u00e0 disposition par LEGO\u00ae en open source.<\/strong> Depuis que l\u2019oeuvre de la marque danoise est tomb\u00e9e dans le domaine public il y a 20 ans, <strong>d\u2019autres fabricants peuvent proposer des briques compatibles.<\/strong><\/p>\n<p>    <img width=\"800\" height=\"450\" src=\"https:\/\/www.europesays.com\/fr\/wp-content\/uploads\/2025\/12\/img-8988-800x450.jpg\" class=\"attachment-image-size-L size-image-size-L\" alt=\"BrixCool \/ LEGO\" decoding=\"async\" loading=\"lazy\"  \/>         \u00a9 Jules Scheuer \/ Pokaa <\/p>\n<p>Jo\u00ebl raconte : \u00ab Une fois notre design r\u00e9alis\u00e9 avec <strong>les pi\u00e8ces disponibles dans le catalogue de la marque<\/strong>, on passe \u00e0 la commande. On aimerait un jour r\u00e9ussir \u00e0 les imprimer nous-m\u00eames, mais elles sont con\u00e7ues avec un processus d\u2019injection plastique, <strong>dans des moules sur mesure qui coutent plusieurs milliers d\u2019euros.<\/strong>\u00a0\u00bb<\/p>\n<p>Aujourd\u2019hui, BrixCool fait fabriquer ses pi\u00e8ces en Chine. \u00ab On est presque oblig\u00e9s de se fournir l\u00e0-bas car c\u2019est compliqu\u00e9 en Europe. <strong>Une usine en Pologne propose les m\u00eames services<\/strong>, mais avec un plastique ADS diff\u00e9rent, qui est <strong>assez d\u00e9pr\u00e9ci\u00e9 de la communaut\u00e9<\/strong> et donne un air \u2018fake\u2019 aux pi\u00e8ces\u00a0\u00bb, explique Quentin.\u00a0<\/p>\n<p>                <img width=\"889\" height=\"500\" src=\"https:\/\/www.europesays.com\/fr\/wp-content\/uploads\/2025\/12\/img-9025-889x500.jpg\" class=\"attachment-gallery size-gallery\" alt=\"BrixCool \/ LEGO\" data-full-url=\"https:\/\/pokaa.fr\/wp-content\/uploads\/2025\/12\/17\/img-9025-1500x844.jpg\" decoding=\"async\" loading=\"lazy\"  \/>            <\/p>\n<p>                <img width=\"889\" height=\"500\" src=\"https:\/\/www.europesays.com\/fr\/wp-content\/uploads\/2025\/12\/img-9019-889x500.jpg\" class=\"attachment-gallery size-gallery\" alt=\"BrixCool \/ LEGO\" data-full-url=\"https:\/\/pokaa.fr\/wp-content\/uploads\/2025\/12\/17\/img-9019-1500x844.jpg\" decoding=\"async\" loading=\"lazy\"  \/>            <\/p>\n<p>                    \u00a9 Jules Scheuer \/ Pokaa<\/p>\n<p>Malgr\u00e9 tout, les trois passionn\u00e9s ont tenu \u00e0 g\u00e9rer le reste de la production sur le sol fran\u00e7ais. Quentin pr\u00e9cise : \u00ab<strong>\u00a0<\/strong><strong>Le packaging est imprim\u00e9 \u00e0 Geispolsheim<\/strong>, les magnets viennent d\u2019Is\u00e8re et<strong> les instructions sont g\u00e9r\u00e9es par une entreprise \u00e0 Kembs. <\/strong>\u00bb<\/p>\n<p>26 points de vente physiques chez des partenaires en Alsace<\/p>\n<p>Les produits de la jeune marque alsacienne sont disponibles en ligne, mais sont surtout <strong>mis en vente chez des partenaires en Alsace.<\/strong> \u00ab\u00a0D\u00e8s le d\u00e9part, les distributeurs nous ont fait confiance. On a d\u2019abord \u00e9t\u00e9 vendu <strong>\u00e0 la librairie Encrage de Saint-Louis<\/strong>, puis \u00e0 l\u2019\u00c9comus\u00e9e d\u2019Alsace\u00a0\u00bb, raconte Quentin.\u00a0<\/p>\n<p>Aujourd\u2019hui, la marque est repr\u00e9sent\u00e9e chez <strong>26 partenaires en Alsace :<\/strong> de la cath\u00e9drale de Strasbourg \u00e0 <strong>l\u2019\u00e9v\u00e9nement Lego\u00ae de la Seigneurie d\u2019Andlau, <\/strong>en passant par la boutique de souvenirs Kerber \u00e0 Obernai. L\u2019ensemble des points de vente est disponible <a href=\"https:\/\/www.brix.cool\/fr\/store-locator\/\" target=\"_blank\" rel=\"noopener\">en cliquant ici<\/a>.<\/p>\n<p>    <img width=\"800\" height=\"450\" src=\"https:\/\/www.europesays.com\/fr\/wp-content\/uploads\/2025\/12\/img-9013-800x450.jpg\" class=\"attachment-image-size-L size-image-size-L\" alt=\"BrixCool \/ LEGO\" decoding=\"async\" loading=\"lazy\"  \/>         \u00a9 Jules Scheuer \/ Pokaa <\/p>\n<p>Les touristes de passage en Alsace r\u00e9pondent aussi pr\u00e9sent. \u00ab Nos produits se retrouvent dans une cinquantaine de pays. Nous sommes pr\u00e9sents principalement en Europe. <strong>Il y a aussi pas mal d\u2019acheteurs au Canada et aux \u00c9tats-Unis<\/strong>. \u00bb<\/p>\n<p>Bien que cette aventure soit le fruit d\u2019une passion commune, <strong>les trois comp\u00e8res conservent encore leur activit\u00e9 principale,<\/strong> mais esp\u00e8rent se consacrer \u00e0 plein temps \u00e0 leur jeune marque<strong> dans les prochains mois.\u00a0<\/strong><\/p>\n<p>                <a href=\"https:\/\/pokaa.fr\/2024\/11\/01\/plus-de-500-000-briques-rencontre-avec-timothee-lalsacien-qui-collectionne-les-lego\/\" target=\"_blank\" rel=\"noopener\"><br \/>\n                    <img width=\"450\" height=\"270\" src=\"https:\/\/www.europesays.com\/fr\/wp-content\/uploads\/2025\/12\/lego-1-450x270.png\" class=\"attachment-card-horizontal--same-subject size-card-horizontal--same-subject wp-post-image\" alt=\"\" decoding=\"async\" loading=\"lazy\"\/>                <\/a><\/p>\n<p>Un changement qui risque de devenir une n\u00e9cessit\u00e9, puisque depuis le d\u00e9but de leur aventure, <strong>plus de 15 000 produits ont \u00e9t\u00e9 vendus et emball\u00e9s \u00e0 la main.<\/strong> \u00ab\u00a0On commence presque \u00e0 ne plus avoir le temps de tout faire\u00a0\u00bb, se satisfait Quentin.<\/p>\n<p>La p\u00e9riode de No\u00ebl s\u2019est d\u2019ailleurs av\u00e9r\u00e9e plut\u00f4t propice pour BrixCool. \u00ab<strong>\u00a0<\/strong><strong>En ce moment, on tourne \u00e0 80 ventes par jour.<\/strong> On en avait fait 30 durant tout le mois de lancement en avril\u00a0\u00bb, confie Sylvain.<\/p>\n","protected":false},"excerpt":{"rendered":"Trois amis alsaciens ont fond\u00e9 en 2025 BrixCool, une marque de construction en briques avec des mod\u00e8les rendant&hellip;\n","protected":false},"author":2,"featured_media":625871,"comment_status":"","ping_status":"","sticky":false,"template":"","format":"standard","meta":{"footnotes":""},"categories":[1589],"tags":[11,2389,54551,13601,73,1866,14812,12,15830,1864,1865,1863,308],"class_list":{"0":"post-625870","1":"post","2":"type-post","3":"status-publish","4":"format-standard","5":"has-post-thumbnail","7":"category-etats-unis","8":"tag-actualites","9":"tag-alsace","10":"tag-brique","11":"tag-cathedrale","12":"tag-etats-unis","13":"tag-etats-unis-damerique","14":"tag-lego","15":"tag-news","16":"tag-noel","17":"tag-united-states","18":"tag-united-states-of-america","19":"tag-us","20":"tag-usa"},"share_on_mastodon":{"url":"https:\/\/pubeurope.com\/@fr\/115793539065740257","error":""},"_links":{"self":[{"href":"https:\/\/www.europesays.com\/fr\/wp-json\/wp\/v2\/posts\/625870","targetHints":{"allow":["GET"]}}],"collection":[{"href":"https:\/\/www.europesays.com\/fr\/wp-json\/wp\/v2\/posts"}],"about":[{"href":"https:\/\/www.europesays.com\/fr\/wp-json\/wp\/v2\/types\/post"}],"author":[{"embeddable":true,"href":"https:\/\/www.europesays.com\/fr\/wp-json\/wp\/v2\/users\/2"}],"replies":[{"embeddable":true,"href":"https:\/\/www.europesays.com\/fr\/wp-json\/wp\/v2\/comments?post=625870"}],"version-history":[{"count":0,"href":"https:\/\/www.europesays.com\/fr\/wp-json\/wp\/v2\/posts\/625870\/revisions"}],"wp:featuredmedia":[{"embeddable":true,"href":"https:\/\/www.europesays.com\/fr\/wp-json\/wp\/v2\/media\/625871"}],"wp:attachment":[{"href":"https:\/\/www.europesays.com\/fr\/wp-json\/wp\/v2\/media?parent=625870"}],"wp:term":[{"taxonomy":"category","embeddable":true,"href":"https:\/\/www.europesays.com\/fr\/wp-json\/wp\/v2\/categories?post=625870"},{"taxonomy":"post_tag","embeddable":true,"href":"https:\/\/www.europesays.com\/fr\/wp-json\/wp\/v2\/tags?post=625870"}],"curies":[{"name":"wp","href":"https:\/\/api.w.org\/{rel}","templated":true}]}}