{"id":625872,"date":"2025-12-27T20:58:25","date_gmt":"2025-12-27T20:58:25","guid":{"rendered":"https:\/\/www.europesays.com\/fr\/625872\/"},"modified":"2025-12-27T20:58:25","modified_gmt":"2025-12-27T20:58:25","slug":"charles-iii-en-operation-seduction-aux-etats-unis","status":"publish","type":"post","link":"https:\/\/www.europesays.com\/fr\/625872\/","title":{"rendered":"Charles III en op\u00e9ration s\u00e9duction aux \u00c9tats-Unis ?"},"content":{"rendered":"<p>Une premi\u00e8re depuis pr\u00e8s de 20 ans. Apr\u00e8s avoir <a target=\"_blank\" href=\"https:\/\/www.pointdevue.fr\/royal\/royaume-uni\/visite-detat-de-donald-trump-au-royaume-uni-sous-le-charme-de-kate\" rel=\"noopener\">re\u00e7u Donald Trump au mois de septembre<\/a> dernier, le <a target=\"_blank\" href=\"https:\/\/www.pointdevue.fr\/grand-angle\/biographies\/charles-iii\" rel=\"noopener\">roi Charles III<\/a> s\u2019appr\u00eaterait \u00e0 s\u2019envoler vers les \u00c9tats-Unis, selon les informations du <a target=\"_blank\" href=\"https:\/\/www.thetimes.com\/article\/4782dd8f-07e3-4416-b0a0-80e7214037fe?shareToken=91c4e60836c3f64abf0bd89c763c5a19\" rel=\"nofollow noopener\">Times<\/a>. Des n\u00e9gociations \u201cavanc\u00e9es\u201d seraient en cours et il serait m\u00eame \u201cfort probable\u201d que le monarque britannique fasse le d\u00e9placement de l\u2019autre c\u00f4t\u00e9 de l\u2019Atlantique au mois d\u2019avril.\u00a0<\/p>\n<p>C\u2019est dans le cadre d\u2019une op\u00e9ration de charme visant le pr\u00e9sident am\u00e9ricain que Charles III aurait, \u00e0 la demande du gouvernement, d\u00e9cid\u00e9 de faire le d\u00e9placement. Cette visite serait d&rsquo;ailleurs la premi\u00e8re d\u2019un monarque r\u00e9gnant depuis 2007, date \u00e0 laquelle la d\u00e9funte <a target=\"_blank\" href=\"https:\/\/www.pointdevue.fr\/grand-angle\/biographies\/elisabeth-ii\" rel=\"noopener\">reine \u00c9lisabeth II<\/a> avait accept\u00e9 l\u2019invitation de George Bush.\u00a0<\/p>\n<p>Plus tard dans l\u2019ann\u00e9e, le <a target=\"_blank\" href=\"https:\/\/www.pointdevue.fr\/grand-angle\/biographies\/prince-william\" rel=\"noopener\">prince William<\/a>, parrain de la F\u00e9d\u00e9ration anglaise de football, devrait lui aussi se rendre sur le sol am\u00e9ricain, lors de la Coupe du monde que les \u00c9tats-Unis organisent avec le Canada et le Mexique. Ces visites ne sont pas programm\u00e9es au hasard : elles co\u00efncident avec le 250e anniversaire de l\u2019ind\u00e9pendance am\u00e9ricaine, alors m\u00eame que les discussions se poursuivent entre les deux pays pour parvenir \u00e0 un accord commercial. Plus t\u00f4t en d\u00e9cembre, le pr\u00e9sident Trump a suspendu un investissement de plusieurs milliards de livres sterling dans le secteur technologique en raison de \u201cfrustrations\u201d li\u00e9es \u00e0 des accords commerciaux. Les diplomates compteraient donc sur la famille royale, et plus particuli\u00e8rement le roi Charles et William, pour amadouer le pr\u00e9sident am\u00e9ricain. Mais pour l\u2019heure, aucune invitation officielle n\u2019a \u00e9t\u00e9 envoy\u00e9e par la Maison Blanche et le prince de Galles n\u2019aurait pas pris de d\u00e9cision \u00e0 propos de la Coupe du monde de football.<\/p>\n<p>Une visite historique<\/p>\n<p>Donald Trump n&rsquo;a jamais cach\u00e9 une fascination pour la famille royale britannique, qui lui viendrait de sa m\u00e8re, Mary. En septembre dernier, le pr\u00e9sident am\u00e9ricain a \u00e9t\u00e9 accueilli avec faste et honneurs \u00e0 Windsor, faisant de lui le premier pr\u00e9sident am\u00e9ricain en exercice \u00e0 \u00eatre invit\u00e9 deux fois pour une visite d\u2019\u00c9tat par un monarque britannique. Il avait en effet \u00e9t\u00e9 re\u00e7u lors de son premier mandat par \u00c9lisabeth II en 2019 avant de r\u00e9it\u00e9rer en 2025. D\u00e9barquement \u00e0 bord d&rsquo;un h\u00e9licopt\u00e8re, banquet d&rsquo;\u00c9tat, engagements communs&#8230; Sa r\u00e9cente visite a \u00e9t\u00e9 qualifi\u00e9e d\u2019\u00e9v\u00e9nement sans pr\u00e9c\u00e9dent dans l\u2019histoire des relations entre les deux pays.<\/p>\n<p>Lors du d\u00eener donn\u00e9 en son honneur, Donald Trump avait m\u00eame profit\u00e9 de son discours pour saluer la relation \u201cprivil\u00e9gi\u00e9e\u201d entre les deux pays, juste avant de complimenter avec ardeur la princesse de Galles. Le prince William aura probablement besoin d&rsquo;elle lors de ce voyage pour mener \u00e0 bien cette d\u00e9licate op\u00e9ration s\u00e9duction.<\/p>\n<p>Lire aussi &gt;&gt; <a target=\"_blank\" href=\"https:\/\/www.pointdevue.fr\/royal\/royaume-uni\/pourquoi-charles-iii-a-t-il-choisi-ce-lieu-symbolique-pour-enregistrer-son-discours-de-noel\" rel=\"noopener\">Pourquoi Charles III a-t-il choisi ce lieu symbolique pour enregistrer son discours de No\u00ebl ?<\/a><\/p>\n<p><a href=\"https:\/\/www.pointdevue.fr\/quiz-royal?utm_source=edito&amp;utm_medium=inside_article&amp;utm_campaign=QUIZROYAL\" target=\"_blank\" rel=\"noopener\"><img decoding=\"async\" src=\"https:\/\/www.europesays.com\/fr\/wp-content\/uploads\/2025\/12\/605x385GUOAXudAF3.jpg\" alt=\"Testez votre expertise royaut\u00e9\"\/><\/a><strong>Testez votre expertise royaut\u00e9 et tentez de remporter de nombreux lots.<\/strong> \u00a9 Point de Vue<\/p>\n","protected":false},"excerpt":{"rendered":"Une premi\u00e8re depuis pr\u00e8s de 20 ans. Apr\u00e8s avoir re\u00e7u Donald Trump au mois de septembre dernier, le&hellip;\n","protected":false},"author":2,"featured_media":625873,"comment_status":"","ping_status":"","sticky":false,"template":"","format":"standard","meta":{"footnotes":""},"categories":[1588],"tags":[11,1777,674,12,473,1853,1851,1850,1852],"class_list":{"0":"post-625872","1":"post","2":"type-post","3":"status-publish","4":"format-standard","5":"has-post-thumbnail","7":"category-royaume-uni","8":"tag-actualites","9":"tag-eu","10":"tag-europe","11":"tag-news","12":"tag-royaume-uni","13":"tag-royaume-uni-de-grande-bretagne-et-dirlande-du-nord","14":"tag-uk","15":"tag-united-kingdom","16":"tag-united-kingdom-of-great-britain-and-northern-ireland"},"share_on_mastodon":{"url":"https:\/\/pubeurope.com\/@fr\/115793541057229154","error":""},"_links":{"self":[{"href":"https:\/\/www.europesays.com\/fr\/wp-json\/wp\/v2\/posts\/625872","targetHints":{"allow":["GET"]}}],"collection":[{"href":"https:\/\/www.europesays.com\/fr\/wp-json\/wp\/v2\/posts"}],"about":[{"href":"https:\/\/www.europesays.com\/fr\/wp-json\/wp\/v2\/types\/post"}],"author":[{"embeddable":true,"href":"https:\/\/www.europesays.com\/fr\/wp-json\/wp\/v2\/users\/2"}],"replies":[{"embeddable":true,"href":"https:\/\/www.europesays.com\/fr\/wp-json\/wp\/v2\/comments?post=625872"}],"version-history":[{"count":0,"href":"https:\/\/www.europesays.com\/fr\/wp-json\/wp\/v2\/posts\/625872\/revisions"}],"wp:featuredmedia":[{"embeddable":true,"href":"https:\/\/www.europesays.com\/fr\/wp-json\/wp\/v2\/media\/625873"}],"wp:attachment":[{"href":"https:\/\/www.europesays.com\/fr\/wp-json\/wp\/v2\/media?parent=625872"}],"wp:term":[{"taxonomy":"category","embeddable":true,"href":"https:\/\/www.europesays.com\/fr\/wp-json\/wp\/v2\/categories?post=625872"},{"taxonomy":"post_tag","embeddable":true,"href":"https:\/\/www.europesays.com\/fr\/wp-json\/wp\/v2\/tags?post=625872"}],"curies":[{"name":"wp","href":"https:\/\/api.w.org\/{rel}","templated":true}]}}