{"id":625878,"date":"2025-12-27T21:08:20","date_gmt":"2025-12-27T21:08:20","guid":{"rendered":"https:\/\/www.europesays.com\/fr\/625878\/"},"modified":"2025-12-27T21:08:20","modified_gmt":"2025-12-27T21:08:20","slug":"francois-na-pas-eu-de-chance-le-terrible-recit-de-lavalanche-qui-a-emporte-un-guide-repute-de-la-plagne","status":"publish","type":"post","link":"https:\/\/www.europesays.com\/fr\/625878\/","title":{"rendered":"\u00ab\u00a0Fran\u00e7ois n\u2019a pas eu de chance\u00a0\u00bb\u00a0: le terrible r\u00e9cit de l\u2019avalanche qui a emport\u00e9 un guide r\u00e9put\u00e9 de La\u00a0Plagne"},"content":{"rendered":"<p class=\"paragraph text_align_left lp-f-body-02\">Ce vendredi 26 d\u00e9cembre restera comme une journ\u00e9e noire en <a href=\"https:\/\/www.leparisien.fr\/savoie-73\/\" target=\"_blank\" rel=\"noreferrer noopener\">Savoie<\/a>. Au lendemain de No\u00ebl, dans un d\u00e9cor f\u00e9erique fait de sommets enneig\u00e9s sous une vo\u00fbte de ciel bleu, <a href=\"https:\/\/www.leparisien.fr\/faits-divers\/savoie-deux-skieurs-gravement-blesses-dans-une-avalanche-a-la-plagne-26-12-2025-S2EEOPDD35CU5MQZS6M7UIH5VI.php\" target=\"_self\" rel=\"noopener\">deux skieurs ont dramatiquement p\u00e9ri<\/a> dans deux avalanches distinctes, l\u2019un \u00e2g\u00e9 de 59 ans, \u00e0 Valloire, l\u2019autre \u00e0 La Plagne, dans la vall\u00e9e voisine.<\/p>\n<p class=\"\">L\u2019\u00e9motion \u00e9tait d\u2019autant plus vive \u00e0 La Plagne que la victime, Fran\u00e7ois Allemoz (67 ans), \u00e9tait un guide de haute montagne tr\u00e8s connu et respect\u00e9 dans la station. \u00ab On n\u2019a pas de mot pour d\u00e9crire ce drame. C\u2019est une tr\u00e8s grande perte\u2026 \u00bb confie Patrick Jeannot, un ami avec qui il avait fait de nombreux voyages \u00e0 ski, membre du bureau des guides de La Plagne.<\/p>\n","protected":false},"excerpt":{"rendered":"Ce vendredi 26 d\u00e9cembre restera comme une journ\u00e9e noire en Savoie. Au lendemain de No\u00ebl, dans un d\u00e9cor&hellip;\n","protected":false},"author":2,"featured_media":625879,"comment_status":"","ping_status":"","sticky":false,"template":"","format":"standard","meta":{"footnotes":""},"categories":[1586],"tags":[11,459,1777,674,1779,118,1011,27,12,25,1778,364],"class_list":{"0":"post-625878","1":"post","2":"type-post","3":"status-publish","4":"format-standard","5":"has-post-thumbnail","7":"category-europe","8":"tag-actualites","9":"tag-departements-horsidfo","10":"tag-eu","11":"tag-europe","12":"tag-european-union","13":"tag-faits-divers","14":"tag-fr","15":"tag-france","16":"tag-news","17":"tag-republique-francaise","18":"tag-ue","19":"tag-union-europeenne"},"share_on_mastodon":{"url":"https:\/\/pubeurope.com\/@fr\/115793579447762999","error":""},"_links":{"self":[{"href":"https:\/\/www.europesays.com\/fr\/wp-json\/wp\/v2\/posts\/625878","targetHints":{"allow":["GET"]}}],"collection":[{"href":"https:\/\/www.europesays.com\/fr\/wp-json\/wp\/v2\/posts"}],"about":[{"href":"https:\/\/www.europesays.com\/fr\/wp-json\/wp\/v2\/types\/post"}],"author":[{"embeddable":true,"href":"https:\/\/www.europesays.com\/fr\/wp-json\/wp\/v2\/users\/2"}],"replies":[{"embeddable":true,"href":"https:\/\/www.europesays.com\/fr\/wp-json\/wp\/v2\/comments?post=625878"}],"version-history":[{"count":0,"href":"https:\/\/www.europesays.com\/fr\/wp-json\/wp\/v2\/posts\/625878\/revisions"}],"wp:featuredmedia":[{"embeddable":true,"href":"https:\/\/www.europesays.com\/fr\/wp-json\/wp\/v2\/media\/625879"}],"wp:attachment":[{"href":"https:\/\/www.europesays.com\/fr\/wp-json\/wp\/v2\/media?parent=625878"}],"wp:term":[{"taxonomy":"category","embeddable":true,"href":"https:\/\/www.europesays.com\/fr\/wp-json\/wp\/v2\/categories?post=625878"},{"taxonomy":"post_tag","embeddable":true,"href":"https:\/\/www.europesays.com\/fr\/wp-json\/wp\/v2\/tags?post=625878"}],"curies":[{"name":"wp","href":"https:\/\/api.w.org\/{rel}","templated":true}]}}