{"id":62588,"date":"2025-04-29T19:50:08","date_gmt":"2025-04-29T19:50:08","guid":{"rendered":"https:\/\/www.europesays.com\/fr\/62588\/"},"modified":"2025-04-29T19:50:08","modified_gmt":"2025-04-29T19:50:08","slug":"sergio-perez-encourage-a-revenir-en-f1-par-un-ancien-de-chez-red-bull","status":"publish","type":"post","link":"https:\/\/www.europesays.com\/fr\/62588\/","title":{"rendered":"Sergio Perez encourag\u00e9 \u00e0 revenir en F1 par un ancien de chez Red Bull"},"content":{"rendered":"<p>Sergio Perez pourrait envisager de revenir en Formule 1, d\u2019apr\u00e8s Jonathan Wheatley, nouveau directeur de l\u2019\u00e9curie Stake F1 Team (ex-Sauber). Ancien directeur sportif de Red Bull, Wheatley a collabor\u00e9 \u00e9troitement avec le pilote mexicain durant ses quatre saisons au sein de l\u2019\u00e9quipe autrichienne, p\u00e9riode durant laquelle Perez a d\u00e9croch\u00e9 cinq victoires en Grand Prix et a termin\u00e9 vice-champion du monde en 2023.<\/p>\n<p>Mais la dynamique s\u2019est invers\u00e9e en 2024 : confront\u00e9 \u00e0 une baisse de performance persistante, <a href=\"https:\/\/f1only.fr\/red-bull-signe-un-nouveau-contrat-avec-un-sponsor-majeur-de-sergio-perez\/\" target=\"_blank\" rel=\"noopener\">Perez<\/a> a vu son contrat \u00eatre bris\u00e9 par <a href=\"https:\/\/f1only.fr\/horner-titre-2021-verstappen-red-bull\/\" target=\"_blank\" rel=\"noopener\">Red Bull<\/a> \u00e0 l\u2019issue de la saison. Face \u00e0 cette rupture, le pilote de 34 ans a choisi de faire une pause en 2025 afin de se recentrer sur sa vie personnelle, tout en gardant la porte ouverte \u00e0 un \u00e9ventuel retour en 2026.<\/p>\n<p>Parmi les projets envisag\u00e9s pour un come-back figure notamment l\u2019arriv\u00e9e de <a href=\"https:\/\/f1only.fr\/patron-cadillac-f1-rumeur-sergio-perez\/\" target=\"_blank\" rel=\"noopener\">Cadillac<\/a> en F1, pr\u00e9vue pour 2026. Le constructeur am\u00e9ricain, associ\u00e9 \u00e0 <a href=\"https:\/\/f1only.fr\/andretti-interet-aston-martin-verstappen\/\" target=\"_blank\" rel=\"noopener\">Andretti<\/a>, cherche encore \u00e0 construire une \u00e9quipe comp\u00e9titive pour son entr\u00e9e sur la grille.<\/p>\n<p>Pour Wheatley, il ne fait aucun doute que Perez aurait encore les capacit\u00e9s pour rivaliser au plus haut niveau s\u2019il d\u00e9cidait de revenir dans le paddock : \u00ab S\u2019il revient, je suis s\u00fbr qu\u2019il sera pr\u00eat \u00e0 performer \u00bb, a-t-il confi\u00e9. Ce soutien venant d\u2019un ancien collaborateur cl\u00e9 laisse penser que l\u2019avenir de Perez en F1 reste une option s\u00e9rieusement envisag\u00e9e.<\/p>\n<p>\u00ab Je pense qu\u2019il est tout \u00e0 fait capable de revenir et de tr\u00e8s rapidement trouver ses marques dans une nouvelle \u00e9quipe \u00bb, a d\u00e9clar\u00e9 Wheatley \u00e0 Formula.Hu. \u00ab Checo occupait l\u2019un des baquets les plus difficiles de la Formule 1 l\u2019ann\u00e9e derni\u00e8re, aux c\u00f4t\u00e9s de Max, et quand vous \u00eates confront\u00e9 \u00e0 quelqu\u2019un comme lui, vous devez sans cesse vous regarder dans le miroir et vous poser des questions. \u00bb<\/p>\n<p>\u00ab Je pense que si l\u2019on regarde en arri\u00e8re, il a eu un peu plus de mal avec la voiture que Max. J\u2019ai toujours \u00e9t\u00e9 surpris de voir comment il a r\u00e9ussi \u00e0 se reconstruire et \u00e0 revenir plus fort apr\u00e8s chaque revers. Il semble avoir une incroyable capacit\u00e9 \u00e0 se reconstruire, et je pense aussi qu\u2019il a une excellente relation avec lui-m\u00eame et avec l\u2019\u00e9quipe, qui lui r\u00e9pond naturellement bien. \u00bb<\/p>\n<p>\u00ab Il comprend tr\u00e8s bien ces choses-l\u00e0, et j\u2019ai toujours trouv\u00e9 que ses explications aux ing\u00e9nieurs sur le comportement de la voiture \u00e9taient tr\u00e8s claires et faciles \u00e0 comprendre \u00bb, a-t-il poursuivi. \u00ab Checo est un pilote tr\u00e8s professionnel, tr\u00e8s talentueux et bien s\u00fbr tr\u00e8s rapide, avec qui il est tr\u00e8s agr\u00e9able de travailler. \u00bb<\/p>\n<p>\u00ab Comme toujours, tout repose sur la force mentale et la confiance. Je pense que si un pilote est mentalement fort, tr\u00e8s confiant et qu\u2019il pilote au maximum de ses capacit\u00e9s, il peut traverser une p\u00e9riode difficile, revenir et \u00eatre \u00e0 nouveau rapide. C\u2019est donc la cl\u00e9, la force mentale est la cl\u00e9. \u00bb<\/p>\n","protected":false},"excerpt":{"rendered":"Sergio Perez pourrait envisager de revenir en Formule 1, d\u2019apr\u00e8s Jonathan Wheatley, nouveau directeur de l\u2019\u00e9curie Stake F1&hellip;\n","protected":false},"author":2,"featured_media":62589,"comment_status":"","ping_status":"","sticky":false,"template":"","format":"standard","meta":{"footnotes":""},"categories":[1412],"tags":[5080,5081,16036,1451,5083,5084,5085,5086,5087,5088,1452,1453,1454,1455,1011,27,5089,5090,2255,16037,13450,60,5091,3030],"class_list":{"0":"post-62588","1":"post","2":"type-post","3":"status-publish","4":"format-standard","5":"has-post-thumbnail","7":"category-f1","8":"tag-actualites-f1","9":"tag-actuf1","10":"tag-cadillac","11":"tag-f1","12":"tag-f1-actu","13":"tag-f1-direct","14":"tag-f1-live","15":"tag-f1-news","16":"tag-f1news","17":"tag-fia","18":"tag-formula-1","19":"tag-formula1","20":"tag-formule-1","21":"tag-formule1","22":"tag-fr","23":"tag-france","24":"tag-news-f1","25":"tag-newsf1","26":"tag-red-bull","27":"tag-sauber","28":"tag-sergio-perez","29":"tag-sports","30":"tag-tip","31":"tag-top"},"share_on_mastodon":{"url":"https:\/\/pubeurope.com\/@fr\/114422993652472461","error":""},"_links":{"self":[{"href":"https:\/\/www.europesays.com\/fr\/wp-json\/wp\/v2\/posts\/62588","targetHints":{"allow":["GET"]}}],"collection":[{"href":"https:\/\/www.europesays.com\/fr\/wp-json\/wp\/v2\/posts"}],"about":[{"href":"https:\/\/www.europesays.com\/fr\/wp-json\/wp\/v2\/types\/post"}],"author":[{"embeddable":true,"href":"https:\/\/www.europesays.com\/fr\/wp-json\/wp\/v2\/users\/2"}],"replies":[{"embeddable":true,"href":"https:\/\/www.europesays.com\/fr\/wp-json\/wp\/v2\/comments?post=62588"}],"version-history":[{"count":0,"href":"https:\/\/www.europesays.com\/fr\/wp-json\/wp\/v2\/posts\/62588\/revisions"}],"wp:featuredmedia":[{"embeddable":true,"href":"https:\/\/www.europesays.com\/fr\/wp-json\/wp\/v2\/media\/62589"}],"wp:attachment":[{"href":"https:\/\/www.europesays.com\/fr\/wp-json\/wp\/v2\/media?parent=62588"}],"wp:term":[{"taxonomy":"category","embeddable":true,"href":"https:\/\/www.europesays.com\/fr\/wp-json\/wp\/v2\/categories?post=62588"},{"taxonomy":"post_tag","embeddable":true,"href":"https:\/\/www.europesays.com\/fr\/wp-json\/wp\/v2\/tags?post=62588"}],"curies":[{"name":"wp","href":"https:\/\/api.w.org\/{rel}","templated":true}]}}