{"id":625886,"date":"2025-12-27T21:25:12","date_gmt":"2025-12-27T21:25:12","guid":{"rendered":"https:\/\/www.europesays.com\/fr\/625886\/"},"modified":"2025-12-27T21:25:12","modified_gmt":"2025-12-27T21:25:12","slug":"format-handicaps-historique-a-quoi-rime-la-bataille-des-sexes-entre-kyrgios-et-sabalenka","status":"publish","type":"post","link":"https:\/\/www.europesays.com\/fr\/625886\/","title":{"rendered":"format, handicaps, historique&#8230; \u00c0 quoi rime la \u00abBataille des Sexes\u00bb entre Kyrgios et Sabalenka ?"},"content":{"rendered":"<p>\n    <strong>D\u00c9CRYPTAGE &#8211;<\/strong> Tout ce qu\u2019il faut savoir sur la \u00abBataille des Sexes\u00bb entre l\u2019Australien Nick Kyrgios et la Bi\u00e9lorusse Aryna Sabalenka, num\u00e9ro 1 mondiale du tennis f\u00e9minin, ce dimanche 28 d\u00e9cembre.<\/p>\n<p>                                    O\u00f9 et quand voir le match\u00a0?<\/p>\n<p class=\"fig-paragraph\">Ce dimanche 28 d\u00e9cembre se d\u00e9roule la\u00a0<a href=\"http:\/\/www.lefigaro.fr\/sports\/tennis\/tennis-le-match-d-exhibition-entre-sabalenka-et-kyrgios-confirme-20251104\" target=\"_blank\" data-fig-type=\"NewsFlash\" rel=\"noopener\" data-gtm-custom-categorie=\"navigation\" data-gtm-custom-action=\"crossclick\" data-gtm-custom-label=\"Contextuel\" data-gtm-event=\"customEventSPE\" data-fig-domain=\"LEFIGARO\">\u00abBataille des Sexes\u00bb\u00a0<\/a>\u00e0 la Coca-Cola Arena de Duba\u00ef, un match de tennis en exhibition opposant l\u2019Australien Nick Kyrgios \u00e0 la Bi\u00e9lorusse Aryna Sabalenka, num\u00e9ro 1 mondiale du tennis f\u00e9minin. Le match sera diffus\u00e9 sur la cha\u00eene anglaise BBC 1 propos\u00e9e par certains op\u00e9rateurs fran\u00e7ais. Il commencera \u00e0 17h45 heure fran\u00e7aise.<\/p>\n<p>                                            Billie Jean King, l\u00e9gende du format<\/p>\n<p class=\"fig-paragraph\">Le match est grandement inspir\u00e9 de la \u00abBataille des Sexes\u00bb de 1973. \u00c0 l\u2019\u00e9poque, Bobby Riggs, 55 ans et ancien champion retrait\u00e9 depuis une dizaine d\u2019ann\u00e9es, annonce fi\u00e8rement que le tennis f\u00e9minin est tellement inf\u00e9rieur au masculin qu\u2019\u00e0 son \u00e2ge, il pourrait battre n\u2019importe quelle joueuse du circuit.<\/p>\n<p>                                            <a class=\"fig-a11y-skip\" href=\"#fig-a11y-skip-main-inarticle\" data-module=\"a11y-skip\" data-context=\"was @visible\"><br \/>\n    Passer la publicit\u00e9<br \/>\n<\/a>            <\/p>\n<p class=\"fig-paragraph\">Le 13 mai 1973, jour de la F\u00eate des M\u00e8res, il d\u00e9fie alors Margaret Court, 30 ans et star du circuit. Il la bat 6\/2 6\/1 et le match sera plus tard surnomm\u00e9 le \u00abMassacre de la F\u00eate des M\u00e8res\u00bb. Riggs se proclame alors \u00abchampion du tennis f\u00e9minin\u00bb et fait le tour des m\u00e9dias.<\/p>\n<p class=\"fig-paragraph\">Riggs continue de provoquer le tennis f\u00e9minin et d\u00e9fie Billie Jean King (\u00abBJK\u00bb), une autre grande joueuse de l\u2019\u00e9poque. Les m\u00e9dias se mettent alors \u00e0 parler de \u00abBataille des Sexes\u00bb. Le 20 septembre 1973, \u00abBJK\u00bb porte alors tous les espoirs de ses homologues de l\u2019\u00e9poque et elle s\u2019impose 6\/4 6\/3 6\/3, sauvant ainsi l\u2019honneur du tennis f\u00e9minin.<\/p>\n<p>                                            Format et handicaps<\/p>\n<p class=\"fig-paragraph\">La \u00abBataille des Sexes\u00bb de 2025 se rapproche plut\u00f4t du match entre Jimmy Connors et Martina Navr\u00e1tilov\u00e1 en 1992. \u00abBJK\u00bb explique d\u2019ailleurs que\u00a0<a href=\"http:\/\/www.lefigaro.fr\/sports\/tennis\/notre-match-avait-pour-enjeu-le-changement-social-le-duel-kyrgios-sabalenka-n-est-pas-la-meme-chose-que-la-bataille-des-sexes-de-1973-juge-billie-jean-king-20251211\" target=\"_blank\" data-fig-type=\"NewsFlash\" rel=\"noopener\" data-gtm-custom-categorie=\"navigation\" data-gtm-custom-action=\"crossclick\" data-gtm-custom-label=\"Contextuel\" data-gtm-event=\"customEventSPE\" data-fig-domain=\"LEFIGARO\">\u00able seul point commun, c\u2019est qu\u2019un des joueurs est un homme et l\u2019autre une femme\u00bb.\u00a0<\/a> \u00abNotre match avait pour enjeu le changement social (&#8230;) ce n\u2019est pas le cas\u00bb de l\u2019affrontement entre Kyrgios et Sabalenka, a-t-elle insist\u00e9.<\/p>\n<p class=\"fig-paragraph\">Comme pour le match de 1992, des \u00abhandicaps\u00bb vont \u00eatre mis en place pour \u00ab\u00e9quilibrer la rencontre\u00bb. La taille du terrain va donc \u00eatre adapt\u00e9e pour favoriser Sabalenka. Kyrgios devra renvoyer la balle sur un terrain 9% plus petit, une d\u00e9cision qui s\u2019appuie sur des \u00e9tudes indiquant que les femmes se d\u00e9placent 9% plus lentement que les hommes. Le court sera donc r\u00e9duit du c\u00f4t\u00e9 de Sabalenka, mesurant ainsi 10,82 m par 7,5 m contre 11,88 par 8,23 habituellement. Les carr\u00e9s dans lesquels l\u2019Australien va servir seront donc eux aussi r\u00e9duits, passant de 6,4 m par 4,115 \u00e0 5,82 m par 3,74.<\/p>\n<p>    Nick Kyrgios et Aryna Sabalenka jouent de cette rivalit\u00e9 sur les r\u00e9seaux sociaux.<br \/>\n                Capture d\u2019\u00e9cran Instagram<\/p>\n<p class=\"fig-paragraph\">Autre r\u00e8gle pour handicaper Kyrgios, seulement un service. Une obligation qui va le contraindre \u00e0 servir moins fort sa premi\u00e8re balle car il n\u2019aura pas de second service. L\u2019Australien est r\u00e9put\u00e9 pour son service tr\u00e8s puissant mesur\u00e9 \u00e0 230 km\/h en 2019. Le format de ce match d\u2019exhibition sera le suivant\u00a0: premier \u00e0 remporter 2 sets, avec un tie-break en 10 points en cas de set d\u00e9cisif.<\/p>\n<p>                                            <a class=\"fig-a11y-skip\" href=\"#fig-a11y-skip-main-inarticle_mtf\" data-module=\"a11y-skip\" data-context=\"was @visible\"><br \/>\n    Passer la publicit\u00e9<br \/>\n<\/a>            <\/p>\n<p>                                            Les deux adversaires s\u00fbrs de leurs forces<\/p>\n<p class=\"fig-paragraph\">Depuis l\u2019annonce de l\u2019exhibition, les deux adversaires se \u00abclashent\u00bb et affirment chacun de leur c\u00f4t\u00e9 remporter facilement la rencontre. Kyrgios affirmait d\u00e9but novembre\u00a0: \u00ab<a href=\"http:\/\/www.lefigaro.fr\/sports\/tennis\/tennis-nick-kyrgios-provoque-aryna-sabalenka-avant-leur-bataille-des-sexes-20250903\" target=\"_blank\" data-fig-type=\"NewsFlash\" rel=\"noopener\" data-gtm-custom-categorie=\"navigation\" data-gtm-custom-action=\"crossclick\" data-gtm-custom-label=\"Contextuel\" data-gtm-event=\"customEventSPE\" data-fig-domain=\"LEFIGARO\">Elle ne va pas me battre. Je dirais 6\/2 peut-\u00eatre<\/a> . Nos services, les femmes ne peuvent pas les tenir. Je pense que je vais m\u2019en sortir. Je ne veux pas qu\u2019elle gagne.\u00bb<\/p>\n<p class=\"fig-paragraph\">L\u2019Australien a ensuite ajout\u00e9\u00a0: \u00abHonn\u00eatement, elle a parl\u00e9 un peu plus que je ne l\u2019ai fait, mais je suis pr\u00eat \u00e0 relever le d\u00e9fi. Sinc\u00e8rement, \u00e7a me met une \u00e9norme pression. Elle a aussi quelques faiblesses, aussi forte soit-elle, et je vais les montrer au monde entier.\u00bb Kyrgios est actuellement 671e mondial, il a jou\u00e9 seulement 6 matchs en 3 ans sur le circuit ATP, \u00e0 cause de diff\u00e9rentes blessures au genou et au poignet notamment.<\/p>\n<p class=\"fig-paragraph\">De son c\u00f4t\u00e9, la num\u00e9ro 1 mondiale est, elle aussi, confiante\u00a0: \u00abJe suis fi\u00e8re de repr\u00e9senter le tennis f\u00e9minin. J\u2019ai beaucoup de respect pour Nick (Kyrgios) et son talent, mais ne vous y trompez pas, je suis pr\u00eate \u00e0 donner le meilleur de moi-m\u00eame.\u00bb Elle a \u00e9galement affirm\u00e9\u00a0: \u00ab<a href=\"http:\/\/www.lefigaro.fr\/sports\/tennis\/tennis-je-sais-que-je-vais-gagner-assure-sabalenka-avant-la-bataille-des-sexes-contre-kyrgios-20251208\" target=\"_blank\" data-fig-type=\"NewsFlash\" rel=\"noopener\" data-gtm-custom-categorie=\"navigation\" data-gtm-custom-action=\"crossclick\" data-gtm-custom-label=\"Contextuel\" data-gtm-event=\"customEventSPE\" data-fig-domain=\"LEFIGARO\">Je pense sinc\u00e8rement que je vais gagner\u00a0<\/a> et je vais clairement jouer ce match pour essayer de lui botter le cul.\u00bb\u00a0<\/p>\n<p>                                            Un match qui fait d\u00e9j\u00e0 r\u00e9agir<\/p>\n<p class=\"fig-paragraph\">L\u2019annonce du match fait beaucoup parler et chacun donne son avis sur le sujet. Garbine Muguruza, double gagnante en Grand Chelem, affirmait au m\u00e9dia italien La Gazzetta dello Sport : \u00abQuand j\u2019\u00e9tais num\u00e9ro 1 mondiale, je n\u2019aurais pas pu battre un junior. Un joueur class\u00e9 1000e mondial, voire non class\u00e9, peut \u00eatre bien meilleur qu\u2019une joueuse du top 10 WTA. La sup\u00e9riorit\u00e9 masculine ne repose pas uniquement sur la force, mais aussi sur l\u2019endurance physique et la masse musculaire.\u00bb<\/p>\n<p class=\"fig-paragraph\">Casper Ruud, ancien num\u00e9ro 2 mondial, interrog\u00e9 dans le podcast \u202fOff Court with Greg, a lui aussi apport\u00e9 son grain de sel\u00a0: \u00abSi vous voulez vraiment le faire, vous devez avoir des conditions de jeu \u00e9quitables. Si les deux joueurs ne jouent pas sur la m\u00eame surface et n\u2019ont pas deux services, ce n\u2019est pas s\u00e9rieux.\u00bb<\/p>\n","protected":false},"excerpt":{"rendered":"D\u00c9CRYPTAGE &#8211; Tout ce qu\u2019il faut savoir sur la \u00abBataille des Sexes\u00bb entre l\u2019Australien Nick Kyrgios et la&hellip;\n","protected":false},"author":2,"featured_media":625887,"comment_status":"","ping_status":"","sticky":false,"template":"","format":"standard","meta":{"footnotes":""},"categories":[1415],"tags":[7615,1011,27,63206,60,1467],"class_list":{"0":"post-625886","1":"post","2":"type-post","3":"status-publish","4":"format-standard","5":"has-post-thumbnail","7":"category-tennis","8":"tag-aryna-sabalenka","9":"tag-fr","10":"tag-france","11":"tag-nick-kyrgios","12":"tag-sports","13":"tag-tennis"},"share_on_mastodon":{"url":"https:\/\/pubeurope.com\/@fr\/115793646290013811","error":""},"_links":{"self":[{"href":"https:\/\/www.europesays.com\/fr\/wp-json\/wp\/v2\/posts\/625886","targetHints":{"allow":["GET"]}}],"collection":[{"href":"https:\/\/www.europesays.com\/fr\/wp-json\/wp\/v2\/posts"}],"about":[{"href":"https:\/\/www.europesays.com\/fr\/wp-json\/wp\/v2\/types\/post"}],"author":[{"embeddable":true,"href":"https:\/\/www.europesays.com\/fr\/wp-json\/wp\/v2\/users\/2"}],"replies":[{"embeddable":true,"href":"https:\/\/www.europesays.com\/fr\/wp-json\/wp\/v2\/comments?post=625886"}],"version-history":[{"count":0,"href":"https:\/\/www.europesays.com\/fr\/wp-json\/wp\/v2\/posts\/625886\/revisions"}],"wp:featuredmedia":[{"embeddable":true,"href":"https:\/\/www.europesays.com\/fr\/wp-json\/wp\/v2\/media\/625887"}],"wp:attachment":[{"href":"https:\/\/www.europesays.com\/fr\/wp-json\/wp\/v2\/media?parent=625886"}],"wp:term":[{"taxonomy":"category","embeddable":true,"href":"https:\/\/www.europesays.com\/fr\/wp-json\/wp\/v2\/categories?post=625886"},{"taxonomy":"post_tag","embeddable":true,"href":"https:\/\/www.europesays.com\/fr\/wp-json\/wp\/v2\/tags?post=625886"}],"curies":[{"name":"wp","href":"https:\/\/api.w.org\/{rel}","templated":true}]}}