{"id":625888,"date":"2025-12-27T21:29:16","date_gmt":"2025-12-27T21:29:16","guid":{"rendered":"https:\/\/www.europesays.com\/fr\/625888\/"},"modified":"2025-12-27T21:29:16","modified_gmt":"2025-12-27T21:29:16","slug":"challenge-dv-femmes-et-a-la-fin-ce-sont-les-bretonnes-qui-gagnent-actualite","status":"publish","type":"post","link":"https:\/\/www.europesays.com\/fr\/625888\/","title":{"rendered":"Challenge DV Femmes : Et \u00e0 la fin, ce sont les Bretonnes qui gagnent &#8211; Actualit\u00e9"},"content":{"rendered":"<p>2018, 2019, 2020, 2022 et 2025. Pour la cinqui\u00e8me fois depuis le d\u00e9but du Challenge DV Femme, les <strong><a href=\"https:\/\/www.directvelo.com\/equipe\/3368\/breizh-ladies\" target=\"_blank\" rel=\"noopener\">Breizh Ladies<\/a><\/strong> s&rsquo;imposent au classement par \u00e9quipes. Mais c&rsquo;est dans les tout derniers m\u00e8tres que l&rsquo;\u00e9quipe de N1 est pass\u00e9e devant. Elle devance la Ladynamips RVC, l&rsquo;\u00e9quipe de la Championne de France Amateurs, No\u00e9mie Abgrall. Pourtant, le club vend\u00e9en avait men\u00e9 la danse pendant presque toute la saison.<\/p>\n<p><strong>DERNI\u00c8RE LIGNE DROITE BRETONNE<\/strong><\/p>\n<p>Ladynamips a d\u00e9marr\u00e9 plein fer sa saison. Victoire aux Boucles de Seine-et-Marne (Chlo\u00e9 Fourmigu\u00e9), podiums de No\u00e9mie Abgrall aux Plages Vend\u00e9ennes, \u00e0 l&rsquo;Altitude Tour F\u00e9minin Gard ou \u00e0 la Moitoirienne. Le reste de la saison fut \u00e0 l&rsquo;avenant, jusqu&rsquo;au sacre tricolore, \u00e0 domicile, aux Herbiers. Mais au mois de septembre, le rythme se ralentit. Seules Sarah Pope et In\u00e8s Van der Linden apportent quelques points.<\/p>\n<p>Dans le m\u00eame temps, la Breizh Ladies met tout \u00e0 droite. Heidi Gaugain gagne Paris-Bourges, la finale de la Coupe de France N1, Zo\u00e9 Bihan termine 9e et Jos\u00e9phine Denieul, 18e. Les contre-la-montre vont leur donner les derniers points manquants, au Championnat de Bretagne, puis au Chrono des Nations o\u00f9 la 2e place chez les Juniors Femmes de Zo\u00e9 Bihan enl\u00e8ve la d\u00e9cision.<\/p>\n<p><strong>MARMANDE WOMEN D\u00c9VELOPPEMENT DOMINE LA N2 AVEC SES JUNIORS<\/strong><\/p>\n<p>Megamo Vosges Team s&rsquo;est install\u00e9e \u00e0 la 3e place des clubs fran\u00e7ais. Les victoires de Charlotte Allard (Tour d&rsquo;Ambert Livradois Forez et BayWa.re Classique) et de Sol\u00e8ne Muller (\u00e9tapes \u00e0 l&rsquo;Altitude Tour F\u00e9min Gard et au Tour d&rsquo;Ambert Livradois Forez), vice-Championne de France Espoirs contre-la-montre<\/p>\n<p>Chez les N2, le meilleur club est Marmande Women D\u00e9veloppement, 7e du scratch. Il profite des belles performances de Tha\u00efs Poirier, meilleure Junior du Challenge DV Femmes, et de Lilou Jauvin, elle aussi Juniors et 3e du Championnat de France Juniors Femmes.<\/p>\n<p>Suivez <a href=\"https:\/\/www.directvelo.com\/challenge\/equipe\/dames\/2025\/10\" target=\"_blank\" rel=\"noopener\"><strong>les classements du Challenge DV Femmes<\/strong><\/a>.<\/p>\n<p>Classement par \u00e9quipes du Challenge DV Femmes :<\/p>\n<p><strong>Palmar\u00e8s du classement par \u00e9quipes du Challenge DV Femmes<\/strong> :<br \/>2017 : VC Morteau-Montbeno\u00eet 1743 pts<br \/>2018 : Breizh Ladies 1409 pts<br \/>2019 : Breizh Ladies 1496 pts\u00a0<br \/>2020 : Breizh Ladies 748 pts<br \/>2021 : St-Michel-Auber 93 831 pts<br \/>2022 : Breizh Ladies 1790 pts<br \/>2023 : Team F\u00e9minin Chamb\u00e9ry 1677 pts<br \/>2024 : N1 Chamb\u00e9ry Cyclisme Comp\u00e9tition 1626 pts<br \/>2025 : Breizh Ladies 1263 pts<\/p>\n","protected":false},"excerpt":{"rendered":"2018, 2019, 2020, 2022 et 2025. Pour la cinqui\u00e8me fois depuis le d\u00e9but du Challenge DV Femme, les&hellip;\n","protected":false},"author":2,"featured_media":625889,"comment_status":"","ping_status":"","sticky":false,"template":"","format":"standard","meta":{"footnotes":""},"categories":[1411],"tags":[834,828,836,829,837,827,83,826,824,823,1154,207,814,817,815,816,822,821,832,211,839,1011,27,820,818,819,835,831,830,833,838,60,212,208,825],"class_list":{"0":"post-625888","1":"post","2":"type-post","3":"status-publish","4":"format-standard","5":"has-post-thumbnail","7":"category-cyclisme","8":"tag-attaque","9":"tag-belgique","10":"tag-braquet","11":"tag-bretagne","12":"tag-chute","13":"tag-competition","14":"tag-coupe-de-france","15":"tag-coureur","16":"tag-course-cyclisme","17":"tag-course-cycliste","18":"tag-cycling","19":"tag-cyclisme","20":"tag-direct","21":"tag-direct-velo","22":"tag-directvelo","23":"tag-directvelo-com","24":"tag-epreuve","25":"tag-epreuve-cycliste","26":"tag-federation-francaise-de-cyclisme","27":"tag-ffc","28":"tag-flandres","29":"tag-fr","30":"tag-france","31":"tag-live","32":"tag-live-course","33":"tag-live-epreuve","34":"tag-peloton","35":"tag-radio-peloton","36":"tag-radio-tour","37":"tag-ravitaillement","38":"tag-relance","39":"tag-sports","40":"tag-uci","41":"tag-velo","42":"tag-velos"},"share_on_mastodon":{"url":"https:\/\/pubeurope.com\/@fr\/115793662212453699","error":""},"_links":{"self":[{"href":"https:\/\/www.europesays.com\/fr\/wp-json\/wp\/v2\/posts\/625888","targetHints":{"allow":["GET"]}}],"collection":[{"href":"https:\/\/www.europesays.com\/fr\/wp-json\/wp\/v2\/posts"}],"about":[{"href":"https:\/\/www.europesays.com\/fr\/wp-json\/wp\/v2\/types\/post"}],"author":[{"embeddable":true,"href":"https:\/\/www.europesays.com\/fr\/wp-json\/wp\/v2\/users\/2"}],"replies":[{"embeddable":true,"href":"https:\/\/www.europesays.com\/fr\/wp-json\/wp\/v2\/comments?post=625888"}],"version-history":[{"count":0,"href":"https:\/\/www.europesays.com\/fr\/wp-json\/wp\/v2\/posts\/625888\/revisions"}],"wp:featuredmedia":[{"embeddable":true,"href":"https:\/\/www.europesays.com\/fr\/wp-json\/wp\/v2\/media\/625889"}],"wp:attachment":[{"href":"https:\/\/www.europesays.com\/fr\/wp-json\/wp\/v2\/media?parent=625888"}],"wp:term":[{"taxonomy":"category","embeddable":true,"href":"https:\/\/www.europesays.com\/fr\/wp-json\/wp\/v2\/categories?post=625888"},{"taxonomy":"post_tag","embeddable":true,"href":"https:\/\/www.europesays.com\/fr\/wp-json\/wp\/v2\/tags?post=625888"}],"curies":[{"name":"wp","href":"https:\/\/api.w.org\/{rel}","templated":true}]}}