{"id":625890,"date":"2025-12-27T21:30:20","date_gmt":"2025-12-27T21:30:20","guid":{"rendered":"https:\/\/www.europesays.com\/fr\/625890\/"},"modified":"2025-12-27T21:30:20","modified_gmt":"2025-12-27T21:30:20","slug":"la-ldc-du-psg-jai-pleure-au-stade","status":"publish","type":"post","link":"https:\/\/www.europesays.com\/fr\/625890\/","title":{"rendered":"La LDC du PSG ? J\u2019ai pleur\u00e9 au stade"},"content":{"rendered":"<p><img width=\"700\" height=\"350\" src=\"https:\/\/www.europesays.com\/fr\/wp-content\/uploads\/2025\/12\/PSG-Ligue-des-champions.jpg\" class=\"attachment-jannah-image-post size-jannah-image-post wp-post-image\" alt=\"Psg ligue des champions\" is_main_img=\"1\" decoding=\"async\" fetchpriority=\"high\"  \/><br \/>\n Image :<br \/>\npsg.fr<\/p>\n<p>Le 31 mai dernier, le PSG a remport\u00e9 sa premi\u00e8re Ligue des<br \/>\nchampions en surclassant l\u2019Inter Milan (5-0). Au commentaire du<br \/>\nmatch, Antoine Kombouar\u00e9 n\u2019a pas pu retenir son \u00e9motion \u00e0 la fin du<br \/>\nmatch.<\/p>\n<p>Le <strong>PSG<\/strong> r\u00eavait de remporter la <strong>Ligue des<br \/>\nchampions<\/strong> depuis de tr\u00e8s nombreuses ann\u00e9es. Il a plusieurs<br \/>\nfois \u00e9t\u00e9 proche, avec la finale en 2020 et les demi-finales en<br \/>\n2024. Il aura fallu attendre la saison derni\u00e8re pour voir le<br \/>\n<strong>PSG<\/strong> enfin monter sur le toit de<br \/>\nl\u2019<strong>Europe<\/strong> apr\u00e8s une campagne de <strong><a href=\"https:\/\/canal-supporters.com\/vitinha-un-back-to-back-en-ldc-bien-sur-qui-ne-veut-pas-gagner-la-ligue-des-champions\/\" title=\"\" target=\"_blank\" rel=\"noopener\">Ligue des champions<\/a><\/strong> XXL o\u00f9 il a \u00e9limin\u00e9<br \/>\n<strong>Liverpool<\/strong>, leader de la phase de ligue,<br \/>\n<strong>Aston Villa<\/strong> et <strong>Arsenal<\/strong> avant de<br \/>\nsurclasser l\u2019<strong>Inter Milan<\/strong> en finale (5-0). Pr\u00e9sent<br \/>\naux commentaires sur M6, <strong>Antoine<br \/>\nKombouar\u00e9<\/strong> est revenu sur son \u00e9motion \u00e0 l\u2019issue de la<br \/>\nrencontre, lui qui a jou\u00e9 et entra\u00een\u00e9 le club de la capitale.<\/p>\n<p>A lire aussi : <a href=\"https:\/\/canal-supporters.com\/achraf-hakimi-la-victoire-en-ldc-un-sentiment-de-liberation\/\" title=\"\" target=\"_blank\" rel=\"noopener\">Achraf Hakimi : \u00ab\u00a0La victoire en LdC ? Un sentiment<br \/>\nde lib\u00e9ration\u00a0\u00bb<\/a><\/p>\n<p><a href=\"https:\/\/x.com\/CanalSupporters\" target=\"_blank\" rel=\"noopener\" title=\"\">canalsupporters.com<\/a><\/p>\n<p>\u00ab\u00a0Je me<br \/>\nsuis senti privil\u00e9gi\u00e9 d\u2019\u00eatre l\u00e0\u00a0\u00bb<\/p>\n<p>\u00ab\u00a0J\u2019ai pleur\u00e9 au stade et je l\u2019assume. Quand j\u2019ai vu<br \/>\nces gamins courir dans tous les sens pour s\u2019embrasser. J\u2019\u00e9tais<br \/>\nheureux pour\u00a0<strong><a href=\"https:\/\/canal-supporters.com\/marquinhos-cette-performance-montre-lambition-de-paris-la-philosophie-que-nous-avons-aujourdhui\/\" title=\"\" target=\"_blank\" rel=\"noopener\">Marquinhos<\/a><\/strong> qui avait v\u00e9cu l\u2019enfer de\u00a0la<br \/>\nremontada. Et j\u2019ai pu descendre sur la pelouse ensuite. J\u2019ai gliss\u00e9<br \/>\nquelques mots \u00e0<strong>\u00a0Luis Enrique<\/strong>\u00a0et<br \/>\n<strong>Nasser<\/strong>. On \u00e9tait tous Parisiens.<br \/>\n<strong>Nasser<\/strong>, m\u2019a gliss\u00e9 gentiment :\u00a0Merci coach,<br \/>\nc\u2019est avec vous, vous faites partie de la famille. Des banalit\u00e9s<br \/>\nmais qui font chaud au c\u0153ur, lance l\u2019ancien coach du<br \/>\n<strong>PSG<\/strong> dans une interview accord\u00e9e au <a href=\"https:\/\/www.leparisien.fr\/sports\/football\/jai-pleure-au-stade-et-je-lassume-antoine-kombouare-raconte-lhistorique-finale-du-psg-en-ligue-des-champions-27-12-2025-MQYQIA2EOJDLHF7D2OKSPWHFVU.php\" target=\"_blank\" rel=\"noopener\" title=\"\">Parisien<\/a>. J\u2019ai<br \/>\ntouch\u00e9 la coupe ? Non, \u00e7a non. J\u2019ai voulu me mettre en retrait.<br \/>\nJe n\u2019ose pas. Ce n\u2019\u00e9tait pas ma victoire. Il fallait la laisser aux<br \/>\nvainqueurs. Mais je me suis senti privil\u00e9gi\u00e9 d\u2019\u00eatre l\u00e0. J\u2019ai v\u00e9cu<br \/>\ntout cela de l\u2019int\u00e9rieur. C\u2019\u00e9tait ma premi\u00e8re comme consultant et<br \/>\nune premi\u00e8re cela ne s\u2019oublie pas. \u00c0 propos de premi\u00e8re, les<br \/>\nMarseillais, ils disent :\u00a0\u00c0 jamais les premiers. Mais nous,<br \/>\nc\u2019est vraiment :\u00a0\u00c0 jamais les meilleurs. Gagner 5-0 en finale<br \/>\nde <strong>Ligue des champions<\/strong>, personne n\u2019avait fait \u00e7a<br \/>\navant. Personne. Et moi, j\u2019\u00e9tais l\u00e0.\u00a0\u00bb<\/p><\/p>\n","protected":false},"excerpt":{"rendered":"Image : psg.fr Le 31 mai dernier, le PSG a remport\u00e9 sa premi\u00e8re Ligue des champions en surclassant&hellip;\n","protected":false},"author":2,"featured_media":625891,"comment_status":"","ping_status":"","sticky":false,"template":"","format":"standard","meta":{"footnotes":""},"categories":[1410],"tags":[2943,786,81,448,787,63,1011,27,73507,789,447,626,91,92,93,60,795,796,96],"class_list":{"0":"post-625890","1":"post","2":"type-post","3":"status-publish","4":"format-standard","5":"has-post-thumbnail","7":"category-football","8":"tag-antoine-kombouare","9":"tag-c1","10":"tag-canal-supporters","11":"tag-champions-league","12":"tag-cs","13":"tag-football","14":"tag-fr","15":"tag-france","16":"tag-kombouare","17":"tag-ldc","18":"tag-ligue-des-champions","19":"tag-paris","20":"tag-paris-saint-germain","21":"tag-paris-sg","22":"tag-psg","23":"tag-sports","24":"tag-ucl","25":"tag-uefa-champions-league","26":"tag-une"},"share_on_mastodon":{"url":"https:\/\/pubeurope.com\/@fr\/115793666798793407","error":""},"_links":{"self":[{"href":"https:\/\/www.europesays.com\/fr\/wp-json\/wp\/v2\/posts\/625890","targetHints":{"allow":["GET"]}}],"collection":[{"href":"https:\/\/www.europesays.com\/fr\/wp-json\/wp\/v2\/posts"}],"about":[{"href":"https:\/\/www.europesays.com\/fr\/wp-json\/wp\/v2\/types\/post"}],"author":[{"embeddable":true,"href":"https:\/\/www.europesays.com\/fr\/wp-json\/wp\/v2\/users\/2"}],"replies":[{"embeddable":true,"href":"https:\/\/www.europesays.com\/fr\/wp-json\/wp\/v2\/comments?post=625890"}],"version-history":[{"count":0,"href":"https:\/\/www.europesays.com\/fr\/wp-json\/wp\/v2\/posts\/625890\/revisions"}],"wp:featuredmedia":[{"embeddable":true,"href":"https:\/\/www.europesays.com\/fr\/wp-json\/wp\/v2\/media\/625891"}],"wp:attachment":[{"href":"https:\/\/www.europesays.com\/fr\/wp-json\/wp\/v2\/media?parent=625890"}],"wp:term":[{"taxonomy":"category","embeddable":true,"href":"https:\/\/www.europesays.com\/fr\/wp-json\/wp\/v2\/categories?post=625890"},{"taxonomy":"post_tag","embeddable":true,"href":"https:\/\/www.europesays.com\/fr\/wp-json\/wp\/v2\/tags?post=625890"}],"curies":[{"name":"wp","href":"https:\/\/api.w.org\/{rel}","templated":true}]}}