{"id":625896,"date":"2025-12-27T21:35:18","date_gmt":"2025-12-27T21:35:18","guid":{"rendered":"https:\/\/www.europesays.com\/fr\/625896\/"},"modified":"2025-12-27T21:35:18","modified_gmt":"2025-12-27T21:35:18","slug":"en-direct-star-academy-suivez-le-prime-des-evaluations-avec-nous","status":"publish","type":"post","link":"https:\/\/www.europesays.com\/fr\/625896\/","title":{"rendered":"EN DIRECT \u2013 \u00ab\u00a0Star Academy\u00a0\u00bb : suivez le prime des \u00e9valuations avec nous"},"content":{"rendered":"<p>Place aux \u00e9valuations de danse pour Victor, Sarah, L\u00e9a, Bastiaan et M\u00e9lissa avec une \u00e9preuve que Jonathan Jenvrin a imagin\u00e9e. Les acad\u00e9miciens ont tous eu 45 minutes pour apprendre une chor\u00e9graphie diff\u00e9rente mais du m\u00eame niveau. Victor r\u00e9colte un 15, Sarah un 15,5, L\u00e9a un 16, Bastiaan un 18,5 et M\u00e9lissa un 14. C\u00f4t\u00e9 moyenne Victor a 15,9, Sarah a 15,6, L\u00e9a a 16,5, Bastiaan a 16 et M\u00e9lissa a 13,9.\u00a0<\/p>\n","protected":false},"excerpt":{"rendered":"Place aux \u00e9valuations de danse pour Victor, Sarah, L\u00e9a, Bastiaan et M\u00e9lissa avec une \u00e9preuve que Jonathan Jenvrin&hellip;\n","protected":false},"author":2,"featured_media":625897,"comment_status":"","ping_status":"","sticky":false,"template":"","format":"standard","meta":{"footnotes":""},"categories":[1356],"tags":[1111,11,1921,58,59,1011,27,1922,500,2041,873,502,5095,59699,252,199,1364,133,2040],"class_list":{"0":"post-625896","1":"post","2":"type-post","3":"status-publish","4":"format-standard","5":"has-post-thumbnail","7":"category-television","8":"tag-actu","9":"tag-actualites","10":"tag-article-video","11":"tag-divertissement","12":"tag-entertainment","13":"tag-fr","14":"tag-france","15":"tag-info","16":"tag-medias","17":"tag-medias-et-divertissement","18":"tag-musique","19":"tag-programme-tv","20":"tag-star-academy","21":"tag-star-academy-2025","22":"tag-television","23":"tag-tf1","24":"tag-tv","25":"tag-video","26":"tag-video-culture"},"share_on_mastodon":{"url":"https:\/\/pubeurope.com\/@fr\/115793685686398275","error":""},"_links":{"self":[{"href":"https:\/\/www.europesays.com\/fr\/wp-json\/wp\/v2\/posts\/625896","targetHints":{"allow":["GET"]}}],"collection":[{"href":"https:\/\/www.europesays.com\/fr\/wp-json\/wp\/v2\/posts"}],"about":[{"href":"https:\/\/www.europesays.com\/fr\/wp-json\/wp\/v2\/types\/post"}],"author":[{"embeddable":true,"href":"https:\/\/www.europesays.com\/fr\/wp-json\/wp\/v2\/users\/2"}],"replies":[{"embeddable":true,"href":"https:\/\/www.europesays.com\/fr\/wp-json\/wp\/v2\/comments?post=625896"}],"version-history":[{"count":0,"href":"https:\/\/www.europesays.com\/fr\/wp-json\/wp\/v2\/posts\/625896\/revisions"}],"wp:featuredmedia":[{"embeddable":true,"href":"https:\/\/www.europesays.com\/fr\/wp-json\/wp\/v2\/media\/625897"}],"wp:attachment":[{"href":"https:\/\/www.europesays.com\/fr\/wp-json\/wp\/v2\/media?parent=625896"}],"wp:term":[{"taxonomy":"category","embeddable":true,"href":"https:\/\/www.europesays.com\/fr\/wp-json\/wp\/v2\/categories?post=625896"},{"taxonomy":"post_tag","embeddable":true,"href":"https:\/\/www.europesays.com\/fr\/wp-json\/wp\/v2\/tags?post=625896"}],"curies":[{"name":"wp","href":"https:\/\/api.w.org\/{rel}","templated":true}]}}