{"id":625898,"date":"2025-12-27T21:36:26","date_gmt":"2025-12-27T21:36:26","guid":{"rendered":"https:\/\/www.europesays.com\/fr\/625898\/"},"modified":"2025-12-27T21:36:26","modified_gmt":"2025-12-27T21:36:26","slug":"radio-intensite-65-metres-carres-enflammes-hier-soir-a-luce","status":"publish","type":"post","link":"https:\/\/www.europesays.com\/fr\/625898\/","title":{"rendered":"RADIO INTENSITE | 65 m\u00e8tres carr\u00e9s enflamm\u00e9s hier soir \u00e0 Luc\u00e9"},"content":{"rendered":"\n<p>L&rsquo;incendie s&rsquo;est d\u00e9clar\u00e9 vers 20h \u00e0 dans un b\u00e2timent \u00e0 Luc\u00e9. 24 sapeurs pompiers des centres de Chartres et de Luc\u00e9 ont \u00e9t\u00e9 mobilis\u00e9s sur place pour ma\u00eetriser les flammes dans l&rsquo;habitation de 65 m\u00e8tres carr\u00e9s au deuxi\u00e8me \u00e9tage d\u2019un immeuble. Trois personnes, un homme de 36 ans, une femme de 26 ans et une fillette de 3 ans ayant inhal\u00e9 des fum\u00e9es ont \u00e9t\u00e9 transport\u00e9es en urgence relative \u00e0 l\u2019h\u00f4pital de Chartres, puis relog\u00e9es par leur famille.<\/p>\n","protected":false},"excerpt":{"rendered":"L&rsquo;incendie s&rsquo;est d\u00e9clar\u00e9 vers 20h \u00e0 dans un b\u00e2timent \u00e0 Luc\u00e9. 24 sapeurs pompiers des centres de Chartres&hellip;\n","protected":false},"author":2,"featured_media":625899,"comment_status":"","ping_status":"","sticky":false,"template":"","format":"standard","meta":{"footnotes":""},"categories":[1355],"tags":[73509,2294,58,59,1939,73511,1011,27,1310,66933,1361,873,73510,73508],"class_list":{"0":"post-625898","1":"post","2":"type-post","3":"status-publish","4":"format-standard","5":"has-post-thumbnail","7":"category-musique","8":"tag-ch-chartres","9":"tag-chartres","10":"tag-divertissement","11":"tag-entertainment","12":"tag-eure-et-loir","13":"tag-feu-dappartement","14":"tag-fr","15":"tag-france","16":"tag-incendie","17":"tag-luce","18":"tag-music","19":"tag-musique","20":"tag-sapeurs-pompiers-deure-et-loir","21":"tag-sdis28"},"share_on_mastodon":{"url":"https:\/\/pubeurope.com\/@fr\/115793690148745561","error":""},"_links":{"self":[{"href":"https:\/\/www.europesays.com\/fr\/wp-json\/wp\/v2\/posts\/625898","targetHints":{"allow":["GET"]}}],"collection":[{"href":"https:\/\/www.europesays.com\/fr\/wp-json\/wp\/v2\/posts"}],"about":[{"href":"https:\/\/www.europesays.com\/fr\/wp-json\/wp\/v2\/types\/post"}],"author":[{"embeddable":true,"href":"https:\/\/www.europesays.com\/fr\/wp-json\/wp\/v2\/users\/2"}],"replies":[{"embeddable":true,"href":"https:\/\/www.europesays.com\/fr\/wp-json\/wp\/v2\/comments?post=625898"}],"version-history":[{"count":0,"href":"https:\/\/www.europesays.com\/fr\/wp-json\/wp\/v2\/posts\/625898\/revisions"}],"wp:featuredmedia":[{"embeddable":true,"href":"https:\/\/www.europesays.com\/fr\/wp-json\/wp\/v2\/media\/625899"}],"wp:attachment":[{"href":"https:\/\/www.europesays.com\/fr\/wp-json\/wp\/v2\/media?parent=625898"}],"wp:term":[{"taxonomy":"category","embeddable":true,"href":"https:\/\/www.europesays.com\/fr\/wp-json\/wp\/v2\/categories?post=625898"},{"taxonomy":"post_tag","embeddable":true,"href":"https:\/\/www.europesays.com\/fr\/wp-json\/wp\/v2\/tags?post=625898"}],"curies":[{"name":"wp","href":"https:\/\/api.w.org\/{rel}","templated":true}]}}