{"id":62590,"date":"2025-04-29T19:51:08","date_gmt":"2025-04-29T19:51:08","guid":{"rendered":"https:\/\/www.europesays.com\/fr\/62590\/"},"modified":"2025-04-29T19:51:08","modified_gmt":"2025-04-29T19:51:08","slug":"joel-plamondon-vainqueur-au-bout-de-la-douleur-actualite","status":"publish","type":"post","link":"https:\/\/www.europesays.com\/fr\/62590\/","title":{"rendered":"Jo\u00ebl Plamondon, vainqueur \u00ab au bout de la douleur \u00bb &#8211; Actualit\u00e9"},"content":{"rendered":"<p style=\"text-align: justify;\">Cette fois-ci, la victoire ne lui a pas \u00e9chapp\u00e9. \u00c0 l\u2019attaque dans les derniers kilom\u00e8tres d\u2019Annemasse-Bellegarde puis sur le circuit final de l\u2019ultime \u00e9tape du Circuit des Ardennes avant d\u2019\u00eatre \u00e0 chaque fois repris, Jo\u00ebl Plamondon n\u2019a laiss\u00e9 \u00e0 personne d\u2019autre, ce dimanche, le soin de remporter l\u2019\u00e9tape en ligne du Souvenir Patrick-Metz (<strong><a href=\"https:\/\/www.directvelo.com\/actualite\/120156\/souvenir-patrick-metz-et-2-classements\" target=\"_blank\" rel=\"noopener\">voir classement<\/a><\/strong>). \u201cJe suis all\u00e9 au bout de la douleur, mais je suis vraiment content que \u00e7a paye\u201d, appr\u00e9cie-t-il aupr\u00e8s de DirectVelo \u00e0 l&rsquo;arriv\u00e9e de cette\u00a0manche de la Coupe de France N2.<\/p>\n<p>L\u2019\u00e9tape du coureur du Team Marni-N\u2019side avait pourtant mal d\u00e9but\u00e9, avec une double crevaison. \u201c\u00c7a m\u2019a pris beaucoup d&rsquo;\u00e9nergie pour rentrer dans le peloton. \u00c0 ce moment-l\u00e0 de la course, je n&rsquo;\u00e9tais pas certain de comment \u00e7a allait se passer\u201d, dit le Canadien\u00a0qui a pris une p\u00e9nalit\u00e9 de 20 secondes et une amende, comme son directeur sportif, pour\u00a0\u00ab\u00a0abri prolong\u00e9 derri\u00e8re engin motoris\u00e9\u00a0\u00bb. \u00c0 55 kilom\u00e8tres de l\u2019arriv\u00e9e, Th\u00e9o Thomassin (UC P\u00e9lussin Loire Pilat) et Marinus Petersen (Moyon Percy Manche Normandie) parviennent \u00e0 sortir du peloton. Ils comptent jusqu\u2019\u00e0 une minute d\u2019avance, ce qui fait r\u00e9agir Jo\u00ebl Plamondon. \u201cAu d\u00e9but du dernier tour, dans la zone de ravitaillement, j\u2019ai lanc\u00e9 une petite attaque. J&rsquo;esp\u00e9rais que quelques gars me suivent, mais \u00e7a n\u2019a pas \u00e9t\u00e9 le cas. Je me suis dit que j\u2019allais tout de m\u00eame continuer l&rsquo;effort. J&rsquo;avais d\u00e9j\u00e0 fait le trou. Je me suis mis en mode contre-la-montre. J&rsquo;appuyais vraiment fort sur les p\u00e9dales\u201d.<\/p>\n<p>Le Qu\u00e9b\u00e9cois de 22 ans revient sur les deux \u00e9chapp\u00e9s \u00e0 l\u2019endroit o\u00f9 s\u2019\u00e9taient regroup\u00e9s les supporters de l\u2019\u00e9quipe bas\u00e9e \u00e0 Vittel (Vosges), au sommet d\u2019une petite difficult\u00e9. \u201cJe me suis dit que c&rsquo;\u00e9tait un signe. Il fallait que je les attaque directement. J\u2019en ai remis une et j&rsquo;arrive \u00e0 les l\u00e2cher\u201d. Restait \u00e0 tenir face \u00e0 un peloton lanc\u00e9 \u00e0 ses trousses. \u201cJe me doutais que les \u00e9quipes de sprinteurs allaient se mettre en marche vers la fin. C&rsquo;est pour cette raison que j\u2019en ai gard\u00e9 sous la p\u00e9dale. C&rsquo;\u00e9tait vraiment serr\u00e9\u201d. L\u2019homme de t\u00eate se retourne alors r\u00e9guli\u00e8rement. \u201cJe voyais que les gars revenaient derri\u00e8re. Mais \u00e0 deux kilom\u00e8tres de la fin, je savais que j&rsquo;allais r\u00e9ussir\u201d. Et s\u2019offrir, enfin, un premier succ\u00e8s depuis son arriv\u00e9e en France la saison derni\u00e8re, apr\u00e8s avoir beaucoup tourn\u00e9 autour.<\/p>\n","protected":false},"excerpt":{"rendered":"Cette fois-ci, la victoire ne lui a pas \u00e9chapp\u00e9. \u00c0 l\u2019attaque dans les derniers kilom\u00e8tres d\u2019Annemasse-Bellegarde puis sur&hellip;\n","protected":false},"author":2,"featured_media":62591,"comment_status":"","ping_status":"","sticky":false,"template":"","format":"standard","meta":{"footnotes":""},"categories":[1411],"tags":[834,828,836,829,837,827,83,826,824,823,1154,207,814,817,815,816,822,821,832,211,839,1011,27,820,818,819,835,831,830,833,838,60,212,208,825],"class_list":{"0":"post-62590","1":"post","2":"type-post","3":"status-publish","4":"format-standard","5":"has-post-thumbnail","7":"category-cyclisme","8":"tag-attaque","9":"tag-belgique","10":"tag-braquet","11":"tag-bretagne","12":"tag-chute","13":"tag-competition","14":"tag-coupe-de-france","15":"tag-coureur","16":"tag-course-cyclisme","17":"tag-course-cycliste","18":"tag-cycling","19":"tag-cyclisme","20":"tag-direct","21":"tag-direct-velo","22":"tag-directvelo","23":"tag-directvelo-com","24":"tag-epreuve","25":"tag-epreuve-cycliste","26":"tag-federation-francaise-de-cyclisme","27":"tag-ffc","28":"tag-flandres","29":"tag-fr","30":"tag-france","31":"tag-live","32":"tag-live-course","33":"tag-live-epreuve","34":"tag-peloton","35":"tag-radio-peloton","36":"tag-radio-tour","37":"tag-ravitaillement","38":"tag-relance","39":"tag-sports","40":"tag-uci","41":"tag-velo","42":"tag-velos"},"share_on_mastodon":{"url":"https:\/\/pubeurope.com\/@fr\/114422997532862086","error":""},"_links":{"self":[{"href":"https:\/\/www.europesays.com\/fr\/wp-json\/wp\/v2\/posts\/62590","targetHints":{"allow":["GET"]}}],"collection":[{"href":"https:\/\/www.europesays.com\/fr\/wp-json\/wp\/v2\/posts"}],"about":[{"href":"https:\/\/www.europesays.com\/fr\/wp-json\/wp\/v2\/types\/post"}],"author":[{"embeddable":true,"href":"https:\/\/www.europesays.com\/fr\/wp-json\/wp\/v2\/users\/2"}],"replies":[{"embeddable":true,"href":"https:\/\/www.europesays.com\/fr\/wp-json\/wp\/v2\/comments?post=62590"}],"version-history":[{"count":0,"href":"https:\/\/www.europesays.com\/fr\/wp-json\/wp\/v2\/posts\/62590\/revisions"}],"wp:featuredmedia":[{"embeddable":true,"href":"https:\/\/www.europesays.com\/fr\/wp-json\/wp\/v2\/media\/62591"}],"wp:attachment":[{"href":"https:\/\/www.europesays.com\/fr\/wp-json\/wp\/v2\/media?parent=62590"}],"wp:term":[{"taxonomy":"category","embeddable":true,"href":"https:\/\/www.europesays.com\/fr\/wp-json\/wp\/v2\/categories?post=62590"},{"taxonomy":"post_tag","embeddable":true,"href":"https:\/\/www.europesays.com\/fr\/wp-json\/wp\/v2\/tags?post=62590"}],"curies":[{"name":"wp","href":"https:\/\/api.w.org\/{rel}","templated":true}]}}