{"id":625902,"date":"2025-12-27T21:38:13","date_gmt":"2025-12-27T21:38:13","guid":{"rendered":"https:\/\/www.europesays.com\/fr\/625902\/"},"modified":"2025-12-27T21:38:13","modified_gmt":"2025-12-27T21:38:13","slug":"les-epidemies-sont-de-retour","status":"publish","type":"post","link":"https:\/\/www.europesays.com\/fr\/625902\/","title":{"rendered":"les \u00e9pid\u00e9mies sont de retour"},"content":{"rendered":"<p data-end=\"664\" data-start=\"256\">La saison des c\u00e2lins du matin de No\u00ebl, des bisous de \u00ab bonne ann\u00e9e \u00bb et des grandes retrouvailles familiales approche \u00e0 grands pas. Mais avec elle revient aussi la p\u00e9riode des \u00ab tu n\u2019aurais pas un mouchoir ? \u00bb. Comme chaque hiver, les virus hivernaux sont de retour, les autorit\u00e9s sanitaires et les centres hospitaliers restent tr\u00e8s vigilants sur les semaines \u00e0 venir.<\/p>\n<p class=\"s-title4\" data-end=\"721\" data-start=\"666\">Une saison pr\u00e9c\u00e9dente marqu\u00e9e par la grippe<\/p>\n<p data-end=\"1078\" data-start=\"723\">La saison hivernale 2024-2025 a \u00e9t\u00e9 marqu\u00e9e par une \u00e9pid\u00e9mie de grippe particuli\u00e8rement intense. Le pic \u00e9pid\u00e9mique, survenu \u00e0 la fin de l\u2019ann\u00e9e 2024, s\u2019est prolong\u00e9 jusqu\u2019au d\u00e9but de l\u2019ann\u00e9e 2025. Cette \u00e9pid\u00e9mie fait suite \u00e0 une baisse des vaccinations l&rsquo;ann\u00e9e ant\u00e9rieure. Les personnes de plus de 65 ans ainsi que les moins de 15 ans ont \u00e9t\u00e9 parmi les plus touch\u00e9es, avec de nombreuses formes s\u00e9v\u00e8res et des hospitalisations en hausse. La bronchiolite, de son c\u00f4t\u00e9, a s\u00e9vi de mani\u00e8re mod\u00e9r\u00e9e, tandis que la Covid-19 s\u2019est faite plus discr\u00e8te, avec une circulation faible du virus.<\/p>\n<p class=\"s-title4\" data-end=\"1445\" data-start=\"1398\">La Haute-Loire moins touch\u00e9e qu&rsquo;au niveau national<\/p>\n<p data-end=\"1832\" data-start=\"1447\">\u00c0 l\u2019\u00e9chelle nationale, les services de sant\u00e9 restent en alerte pour cet hiver 2025-2026. Les premiers foyers de virus respiratoires apparaissent d\u00e9j\u00e0. La bronchiolite est en nette augmentation, notamment chez les nourrissons, et la grippe conna\u00eet elle aussi une hausse significative des cas depuis le d\u00e9but du mois de d\u00e9cembre. La Covid-19, quant \u00e0 elle, reste stable, sans reprise majeure \u00e0 ce stade.<\/p>\n<blockquote>\n<p data-end=\"4443\" data-start=\"4096\">La situation sur la Haute-Loire n&rsquo;est pas alarmante, pour le moment. Toutefois, les autorit\u00e9s sanitaires appellent \u00e0 la vigilance, car la tendance nationale pourrait rapidement s\u2019y r\u00e9percuter dans les semaines \u00e0 venir.<\/p>\n<\/blockquote>\n<p>Sur la p\u00e9riode du 8 au 14 d\u00e9cembre, le centre hospitalier \u00c9mile Roux a r\u00e9alis\u00e9 une surveillance virologique de la Covid-19, de la grippe et du virus respiratoire syncytial (VRS) sur des patients hospitalis\u00e9s ou non,<\/p>\n<p>Au total, 180 tests PCR COVID-19 ont \u00e9t\u00e9 effectu\u00e9s, 169 sur des patients hospitalis\u00e9s et 11 non-hospitalis\u00e9s, les r\u00e9sultats ont r\u00e9v\u00e9l\u00e9 :<br \/>&#8211; 13 cas positifs ( soit 7,2 %)pour la Covid-19,<br \/>&#8211; 21 cas positifs ( soit 11,7 %) pour la grippe, montrant une circulation plus importante du virus durant cette p\u00e9riode,\u00a0<br \/>&#8211; 2 cas positifs (soit 1,1 %) pour le virus respiratoire syncytial, touchant des patients \u00e2g\u00e9s de 1 et 29 ans.<\/p>\n<p>Face \u00e0 cette situation, le centre hospitalier rappelle l\u2019importance du respect des gestes barri\u00e8res, de l\u2019a\u00e9ration des locaux, de l\u2019hygi\u00e8ne des mains et de la vaccination. En cas d\u2019augmentation des cas positifs, le port du masque pourrait redevenir obligatoire au sein de l\u2019\u00e9tablissement, une information qui sera communiqu\u00e9e ult\u00e9rieurement si n\u00e9cessaire.<\/p>\n<p class=\"s-title4\" data-end=\"2011\" data-start=\"1880\">Une vigilance renforc\u00e9e en ce d\u00e9but d\u2019hiver<\/p>\n<p data-end=\"2011\" data-start=\"1880\">La campagne de vaccination contre la grippe et la Covid-19, lanc\u00e9e le 14 octobre 2025, s\u2019adresse \u00e0 plusieurs publics prioritaires :<br \/>&#8211;\u00a0les personnes \u00e2g\u00e9es de 65 ans et plus ;<br \/>&#8211;\u00a0les personnes immunod\u00e9prim\u00e9es ;<br \/>&#8211;\u00a0les femmes enceintes ;<br \/>&#8211;\u00a0les personnes atteintes de maladies chroniques (diab\u00e8te, insuffisance respiratoire, maladies cardiaques\u2026) ;<br \/>&#8211;\u00a0les r\u00e9sidents en EHPAD ;<br \/>&#8211;\u00a0les professionnels de sant\u00e9 ;<br \/>&#8211;\u00a0les personnes pour lesquelles des vaccins \u00e0 haute dose ou adjuvant\u00e9s sont recommand\u00e9s.<\/p>\n<p data-end=\"2626\" data-start=\"2373\">Les personnes appartenant \u00e0 ces cat\u00e9gories peuvent b\u00e9n\u00e9ficier d\u2019une vaccination gratuite contre la grippe. Concernant la Covid-19, la vaccination reste accessible gratuitement, y compris pour les personnes ne faisant pas partie des publics prioritaires.<\/p>\n<p class=\"s-title4\" data-end=\"2684\" data-start=\"2628\">Des alertes cibl\u00e9es<\/p>\n<p data-end=\"3039\" data-start=\"2686\">Face \u00e0 la reprise active de la circulation du virus grippal, l\u2019Assurance maladie a envoy\u00e9 des messages d\u2019alerte aux personnes \u00e0 risque. Afin d&rsquo;encourager une large vaccination contre la grippe pour pr\u00e9venir les complications qui peuvent s&rsquo;av\u00e9rer graves. Pour les personnes vuln\u00e9rables, cette vaccination est prise en charge \u00e0 100 %.<\/p>\n<p data-end=\"3039\" data-start=\"2686\">Autre virus bien connu de l\u2019hiver, la bronchiolite est en hausse cette saison. Si elle touche principalement les nourrissons, elle peut \u00e9galement affecter les adultes. Les premiers indicateurs montrent une augmentation des consultations li\u00e9es \u00e0 cette infection respiratoire, un ph\u00e9nom\u00e8ne suivi de pr\u00e8s par les p\u00e9diatres et les services d\u2019urgences.<\/p>\n<p class=\"s-title4\" data-end=\"3100\" data-start=\"3041\">Les gestes barri\u00e8res : simples, mais toujours efficaces<\/p>\n<p data-end=\"3263\" data-start=\"3102\">Voil\u00e0 cinq ans qu&rsquo;ils partagent nos vies et au moment des f\u00eates de fin d&rsquo;ann\u00e9e, ils sont vivement recommand\u00e9s comme l&rsquo;indique l&rsquo;Hopital Emile Roux \u00ab\u00a0il est tr\u00e8s important d&rsquo;\u00eatre attentif au respect des gestes barri\u00e8res, \u00e0 veiller \u00e0 bien a\u00e9rer, \u00e0 faire attention \u00e0 l&rsquo;hygi\u00e8ne des mains\u00a0\u00bb.<\/p>\n<p data-end=\"3263\" data-start=\"3102\">Selon un sondage de Sant\u00e9 publique France, seuls 13 % des participants d\u00e9clarent porter syst\u00e9matiquement un masque en cas de sympt\u00f4mes ou dans les lieux tr\u00e8s fr\u00e9quent\u00e9s, tandis que 43 % affirment ne jamais en porter, quelle que soit la situation. Par ailleurs, 63 % des personnes interrog\u00e9es avouent ne pas les mettre autant en application qu\u2019au d\u00e9but de l\u2019\u00e9pid\u00e9mie de Covid-19.<\/p>\n<p data-end=\"3263\" data-start=\"3102\"><strong>Alors, rien que pour vous, nous vous les rappelons :<\/strong><\/p>\n<ul data-end=\"3575\" data-start=\"3265\">\n<li data-end=\"3395\" data-start=\"3265\">\n<p data-end=\"3395\" data-start=\"3267\">porter un masque d\u00e8s l\u2019apparition de sympt\u00f4mes (fi\u00e8vre, toux, nez qui coule), en particulier en pr\u00e9sence de personnes fragiles ;<\/p>\n<\/li>\n<li data-end=\"3487\" data-start=\"3396\">\n<p data-end=\"3487\" data-start=\"3398\">se laver fr\u00e9quemment les mains \u00e0 l\u2019eau et au savon ou avec une solution hydroalcoolique ;<\/p>\n<\/li>\n<li data-end=\"3526\" data-start=\"3488\">\n<p data-end=\"3526\" data-start=\"3490\">tousser ou \u00e9ternuer dans son coude ;<\/p>\n<\/li>\n<li data-end=\"3575\" data-start=\"3527\">\n<p data-end=\"3575\" data-start=\"3529\">a\u00e9rer r\u00e9guli\u00e8rement les pi\u00e8ces, m\u00eame en hiver.<\/p>\n<\/li>\n<\/ul>\n<p data-end=\"978\" data-is-last-node=\"\" data-is-only-node=\"\" data-start=\"562\">\u00a0<\/p>\n<p data-end=\"978\" data-is-last-node=\"\" data-is-only-node=\"\" data-start=\"562\">Si la situation reste pour l\u2019instant sous contr\u00f4le en Haute-Loire, la prudence reste de mise. Vaccination, gestes barri\u00e8res et vigilance collective demeurent les meilleurs moyens de limiter la circulation des virus et de prot\u00e9ger les plus fragiles.\u00a0<\/p>\n<p data-end=\"978\" data-is-last-node=\"\" data-is-only-node=\"\" data-start=\"562\">\u00a0<\/p>\n<p data-end=\"978\" data-is-last-node=\"\" data-is-only-node=\"\" data-start=\"562\">\u00a0<\/p>\n","protected":false},"excerpt":{"rendered":"La saison des c\u00e2lins du matin de No\u00ebl, des bisous de \u00ab bonne ann\u00e9e \u00bb et des grandes&hellip;\n","protected":false},"author":2,"featured_media":625903,"comment_status":"","ping_status":"","sticky":false,"template":"","format":"standard","meta":{"footnotes":""},"categories":[10],"tags":[1011,27,72,71],"class_list":{"0":"post-625902","1":"post","2":"type-post","3":"status-publish","4":"format-standard","5":"has-post-thumbnail","7":"category-sante","8":"tag-fr","9":"tag-france","10":"tag-health","11":"tag-sante"},"share_on_mastodon":{"url":"https:\/\/pubeurope.com\/@fr\/115793697486366811","error":""},"_links":{"self":[{"href":"https:\/\/www.europesays.com\/fr\/wp-json\/wp\/v2\/posts\/625902","targetHints":{"allow":["GET"]}}],"collection":[{"href":"https:\/\/www.europesays.com\/fr\/wp-json\/wp\/v2\/posts"}],"about":[{"href":"https:\/\/www.europesays.com\/fr\/wp-json\/wp\/v2\/types\/post"}],"author":[{"embeddable":true,"href":"https:\/\/www.europesays.com\/fr\/wp-json\/wp\/v2\/users\/2"}],"replies":[{"embeddable":true,"href":"https:\/\/www.europesays.com\/fr\/wp-json\/wp\/v2\/comments?post=625902"}],"version-history":[{"count":0,"href":"https:\/\/www.europesays.com\/fr\/wp-json\/wp\/v2\/posts\/625902\/revisions"}],"wp:featuredmedia":[{"embeddable":true,"href":"https:\/\/www.europesays.com\/fr\/wp-json\/wp\/v2\/media\/625903"}],"wp:attachment":[{"href":"https:\/\/www.europesays.com\/fr\/wp-json\/wp\/v2\/media?parent=625902"}],"wp:term":[{"taxonomy":"category","embeddable":true,"href":"https:\/\/www.europesays.com\/fr\/wp-json\/wp\/v2\/categories?post=625902"},{"taxonomy":"post_tag","embeddable":true,"href":"https:\/\/www.europesays.com\/fr\/wp-json\/wp\/v2\/tags?post=625902"}],"curies":[{"name":"wp","href":"https:\/\/api.w.org\/{rel}","templated":true}]}}