{"id":625910,"date":"2025-12-27T21:42:18","date_gmt":"2025-12-27T21:42:18","guid":{"rendered":"https:\/\/www.europesays.com\/fr\/625910\/"},"modified":"2025-12-27T21:42:18","modified_gmt":"2025-12-27T21:42:18","slug":"box-ou-forfait-mobile-cette-fausse-bonne-idee-pour-economiser-sur-internet-risque-de-vous-couter-cher","status":"publish","type":"post","link":"https:\/\/www.europesays.com\/fr\/625910\/","title":{"rendered":"Box ou forfait mobile : cette fausse bonne id\u00e9e pour \u00e9conomiser sur internet risque de vous co\u00fbter cher"},"content":{"rendered":"<p>Les prix grimpent, les salaires beaucoup moins, et la ligne<br \/>\ninternet de la maison p\u00e8se lourd dans le budget. Entre une box \u00e0 30<br \/>\n\u20ac ou 40 \u20ac par mois et un smartphone d\u00e9j\u00e0 \u00e9quip\u00e9 d\u2019un gros forfait<br \/>\ndata, l\u2019id\u00e9e de tout passer sur le mobile s\u00e9duit de plus en plus de<br \/>\nfoyers fran\u00e7ais.<\/p>\n<p>Sur le papier, remplacer sa box par un forfait mobile para\u00eet<br \/>\nsimple : on active le partage de connexion et l\u2019on transforme son<br \/>\nt\u00e9l\u00e9phone en routeur Wi-Fi. La facture fond, l\u2019installation<br \/>\ns\u2019all\u00e8ge\u2026 Sauf que, entre usage r\u00e9el, qualit\u00e9 du r\u00e9seau et promos,<br \/>\nla bonne affaire n\u2019est pas la m\u00eame pour tout le monde.<\/p>\n<p>Remplacer sa box par un forfait mobile : comment \u00e7a marche<br \/>\nvraiment ?<\/p>\n<p>Dans les faits, il suffit d\u2019un <strong>forfait mobile<\/strong><br \/>\navec une grosse enveloppe de donn\u00e9es, parfois annonc\u00e9e comme<br \/>\n<strong>illimit\u00e9e<\/strong>, mais avec une baisse de d\u00e9bit au-del\u00e0<br \/>\nd\u2019un certain volume de donn\u00e9es, puis d\u2019activer le <strong>partage<br \/>\nde connexion<\/strong>. Ordinateurs, t\u00e9l\u00e9viseur connect\u00e9 ou tablette<br \/>\nse branchent alors sur le r\u00e9seau 4G ou 5G de votre op\u00e9rateur, via<br \/>\nle Wi-Fi du smartphone, comme ils le feraient sur une box<br \/>\nclassique.<\/p>\n<p>L\u00e0 o\u00f9 les choses se compliquent, c\u2019est que cette connexion<br \/>\nmobile reste moins stable qu\u2019une <strong>fibre optique<\/strong><br \/>\npouvant atteindre plusieurs gigabits par seconde. D\u00e8s que plusieurs<br \/>\n\u00e9crans streament en HD ou en 4K, que quelqu\u2019un joue en ligne ou<br \/>\nt\u00e9l\u00e9travaille en visio, les coupures et ralentissements guettent.<br \/>\nL\u2019utilisation intensive use aussi la batterie du t\u00e9l\u00e9phone, qui<br \/>\ndevient un vrai modem de poche.<\/p>\n<p>Forfait mobile contre box : quelles \u00e9conomies esp\u00e9rer ?<\/p>\n<p>Sur le plan financier, la diff\u00e9rence peut \u00eatre spectaculaire.<br \/>\nUne box internet se facture en moyenne entre 20 \u20ac et 50 \u20ac par mois,<br \/>\nquand un forfait mobile avec beaucoup de data se trouve sous les 20<br \/>\n\u20ac. Certains MVNO proposent par exemple 50 Go pour moins de 6 \u20ac, 40<br \/>\nGo pour 6,99 \u20ac ou encore 10 Go pour 5 \u20ac, soit 60 \u20ac sur l\u2019ann\u00e9e.<\/p>\n<p>En p\u00e9riode de <strong>Black Friday<\/strong>, l\u2019\u00e9cart se creuse.<br \/>\nLes offres mobiles reculent d\u2019environ 4,5 %, pour un prix moyen de<br \/>\n13,23 \u20ac par mois, avec des chutes allant jusqu\u2019\u00e0 19,73 % chez SFR,<br \/>\n11,08 % chez Prixtel ou 11,11 % chez Red. Les box n\u2019affichent<br \/>\nqu\u2019une baisse comprise entre 2,81 % et 5,26 %, soit un peu plus<br \/>\nd\u2019un euro gagn\u00e9 par mois. \u00ab\u00a0Le march\u00e9 montre une l\u00e9g\u00e8re d\u00e9tente<br \/>\npendant le Black Friday. La baisse moyenne reste mod\u00e9r\u00e9e, mais elle<br \/>\nconfirme que certains op\u00e9rateurs jouent r\u00e9ellement le jeu des<br \/>\npromotions\u00a0\u00bb, d\u00e9taille Benjamin Gervais, fondateur de Zone ADSL et<br \/>\nFibre, cit\u00e9 par Capital. \u00ab\u00a0Dans un contexte o\u00f9 les prix fluctuent<br \/>\nr\u00e9guli\u00e8rement, ces \u00e9carts rappellent que le Black Friday reste un<br \/>\nmoment strat\u00e9gique pour r\u00e9duire sa facture internet\u00a0\u00bb, confirme<br \/>\nBenjamin Gervais.<\/p>\n<p>Garder sa box ou passer au tout mobile<br \/>\n: pour quels profils ?<\/p>\n<p>En pratique, les profils diff\u00e8rent. Une personne seule, avec une<br \/>\nconsommation mod\u00e9r\u00e9e (navigation, r\u00e9seaux sociaux, vid\u00e9os HD<br \/>\noccasionnelles), peut vivre sans box avec 40 ou 50 Go, surtout si<br \/>\nelle se connecte souvent en Wi-Fi ailleurs. Une famille<br \/>\nmulti-\u00e9crans ou un t\u00e9l\u00e9travailleur qui encha\u00eene les visios aura<br \/>\nplut\u00f4t int\u00e9r\u00eat \u00e0 garder une connexion fixe et \u00e0 v\u00e9rifier la<br \/>\ncouverture mobile avant toute r\u00e9siliation.<\/p>\n","protected":false},"excerpt":{"rendered":"Les prix grimpent, les salaires beaucoup moins, et la ligne internet de la maison p\u00e8se lourd dans le&hellip;\n","protected":false},"author":2,"featured_media":625911,"comment_status":"","ping_status":"","sticky":false,"template":"","format":"standard","meta":{"footnotes":""},"categories":[6],"tags":[56038,1003,35,4523,130,33,30492,34,1011,27],"class_list":{"0":"post-625910","1":"post","2":"type-post","3":"status-publish","4":"format-standard","5":"has-post-thumbnail","7":"category-economie","8":"tag-black-friday","9":"tag-budget","10":"tag-business","11":"tag-conseils-pratiques","12":"tag-consommation","13":"tag-economie","14":"tag-economies","15":"tag-economy","16":"tag-fr","17":"tag-france"},"share_on_mastodon":{"url":"https:\/\/pubeurope.com\/@fr\/115793713196560953","error":""},"_links":{"self":[{"href":"https:\/\/www.europesays.com\/fr\/wp-json\/wp\/v2\/posts\/625910","targetHints":{"allow":["GET"]}}],"collection":[{"href":"https:\/\/www.europesays.com\/fr\/wp-json\/wp\/v2\/posts"}],"about":[{"href":"https:\/\/www.europesays.com\/fr\/wp-json\/wp\/v2\/types\/post"}],"author":[{"embeddable":true,"href":"https:\/\/www.europesays.com\/fr\/wp-json\/wp\/v2\/users\/2"}],"replies":[{"embeddable":true,"href":"https:\/\/www.europesays.com\/fr\/wp-json\/wp\/v2\/comments?post=625910"}],"version-history":[{"count":0,"href":"https:\/\/www.europesays.com\/fr\/wp-json\/wp\/v2\/posts\/625910\/revisions"}],"wp:featuredmedia":[{"embeddable":true,"href":"https:\/\/www.europesays.com\/fr\/wp-json\/wp\/v2\/media\/625911"}],"wp:attachment":[{"href":"https:\/\/www.europesays.com\/fr\/wp-json\/wp\/v2\/media?parent=625910"}],"wp:term":[{"taxonomy":"category","embeddable":true,"href":"https:\/\/www.europesays.com\/fr\/wp-json\/wp\/v2\/categories?post=625910"},{"taxonomy":"post_tag","embeddable":true,"href":"https:\/\/www.europesays.com\/fr\/wp-json\/wp\/v2\/tags?post=625910"}],"curies":[{"name":"wp","href":"https:\/\/api.w.org\/{rel}","templated":true}]}}