{"id":625917,"date":"2025-12-27T21:46:22","date_gmt":"2025-12-27T21:46:22","guid":{"rendered":"https:\/\/www.europesays.com\/fr\/625917\/"},"modified":"2025-12-27T21:46:22","modified_gmt":"2025-12-27T21:46:22","slug":"firminy-il-y-a-120-ans-la-separation-des-eglises-et-de-letat-agitait-la-cite-appelouse","status":"publish","type":"post","link":"https:\/\/www.europesays.com\/fr\/625917\/","title":{"rendered":"Firminy. Il y a 120 ans, la s\u00e9paration des \u00c9glises et de l\u2019\u00c9tat agitait la cit\u00e9 appelouse"},"content":{"rendered":"<p>Au d\u00e9but du XXe \u00a0si\u00e8cle, la s\u00e9paration des \u00c9glises et de l\u2019\u00c9tat a \u00e9t\u00e9 plus ou moins rapide suivant la couleur politique des communes. \u00c0 Firminy, c\u2019est en 1810 qu\u2019une \u00e9cole de gar\u00e7ons ouvre dans le bourg \u00ab\u00a0o\u00f9 les jeunes gens peuvent apprendre les premiers \u00e9l\u00e9ments de la religion, de la lecture, de l\u2019\u00e9criture et du calcul\u00a0\u00bb. On remarque la place de la religion dans cette liste.<\/p>\n<p>Le premier instituteur connu \u00e0 Firminy se nomme Antoine Montcoudiol. Nous sommes en 1812. Mais \u00e0 partir de 1837, les fr\u00e8res maristes remplacent les la\u00efcs. En 1860, l\u2019\u00e9cole compte 400\u00a0\u00e9l\u00e8ves et six fr\u00e8res.<\/p>\n<p>La la\u00efcisation des \u00e9coles communales<\/p>\n<p>Le fr\u00e8re Rapha\u00ebl (Chol) la dirige jusqu\u2019en 1863, date de sa r\u00e9vocation par le maire Fran\u00e7ois-F\u00e9lix Verdi\u00e9. L\u2019\u00e9cole communale de gar\u00e7ons est donc la\u00efcis\u00e9e vingt ans avant les lois de Jules Ferry. Son premier directeur se nomme Beno\u00eet Poyeton. Quant \u00e0 l\u2019\u00e9cole communale de filles, pour des questions&#8230;<\/p>\n","protected":false},"excerpt":{"rendered":"Au d\u00e9but du XXe \u00a0si\u00e8cle, la s\u00e9paration des \u00c9glises et de l\u2019\u00c9tat a \u00e9t\u00e9 plus ou moins rapide&hellip;\n","protected":false},"author":2,"featured_media":625918,"comment_status":"","ping_status":"","sticky":false,"template":"","format":"standard","meta":{"footnotes":""},"categories":[9653],"tags":[1111,11,2430,7539,1777,674,10282,10283,1011,27,937,12,25,4001,104],"class_list":{"0":"post-625917","1":"post","2":"type-post","3":"status-publish","4":"format-standard","5":"has-post-thumbnail","7":"category-saint-etienne","8":"tag-actu","9":"tag-actualites","10":"tag-auvergne-rhone-alpes","11":"tag-edition-loire-sud","12":"tag-eu","13":"tag-europe","14":"tag-firminy","15":"tag-firminy-ville","16":"tag-fr","17":"tag-france","18":"tag-histoire","19":"tag-news","20":"tag-republique-francaise","21":"tag-saint-etienne","22":"tag-societe"},"share_on_mastodon":{"url":"https:\/\/pubeurope.com\/@fr\/115793729010167530","error":""},"_links":{"self":[{"href":"https:\/\/www.europesays.com\/fr\/wp-json\/wp\/v2\/posts\/625917","targetHints":{"allow":["GET"]}}],"collection":[{"href":"https:\/\/www.europesays.com\/fr\/wp-json\/wp\/v2\/posts"}],"about":[{"href":"https:\/\/www.europesays.com\/fr\/wp-json\/wp\/v2\/types\/post"}],"author":[{"embeddable":true,"href":"https:\/\/www.europesays.com\/fr\/wp-json\/wp\/v2\/users\/2"}],"replies":[{"embeddable":true,"href":"https:\/\/www.europesays.com\/fr\/wp-json\/wp\/v2\/comments?post=625917"}],"version-history":[{"count":0,"href":"https:\/\/www.europesays.com\/fr\/wp-json\/wp\/v2\/posts\/625917\/revisions"}],"wp:featuredmedia":[{"embeddable":true,"href":"https:\/\/www.europesays.com\/fr\/wp-json\/wp\/v2\/media\/625918"}],"wp:attachment":[{"href":"https:\/\/www.europesays.com\/fr\/wp-json\/wp\/v2\/media?parent=625917"}],"wp:term":[{"taxonomy":"category","embeddable":true,"href":"https:\/\/www.europesays.com\/fr\/wp-json\/wp\/v2\/categories?post=625917"},{"taxonomy":"post_tag","embeddable":true,"href":"https:\/\/www.europesays.com\/fr\/wp-json\/wp\/v2\/tags?post=625917"}],"curies":[{"name":"wp","href":"https:\/\/api.w.org\/{rel}","templated":true}]}}