{"id":625919,"date":"2025-12-27T21:47:15","date_gmt":"2025-12-27T21:47:15","guid":{"rendered":"https:\/\/www.europesays.com\/fr\/625919\/"},"modified":"2025-12-27T21:47:15","modified_gmt":"2025-12-27T21:47:15","slug":"gines-gonzales-champion-de-france-1967-avec-saint-etienne-est-mort","status":"publish","type":"post","link":"https:\/\/www.europesays.com\/fr\/625919\/","title":{"rendered":"Gin\u00e8s Gonzales, champion de France 1967 avec Saint Etienne est mort"},"content":{"rendered":"<p data-start=\"0\" data-end=\"425\">L\u2019homme d\u2019une ville nous a quitt\u00e9s ce samedi 27 d\u00e9cembre. Form\u00e9 \u00e0 l\u2019Olympique de Saint-\u00c9tienne, Gin\u00e8s Gonzales rejoint vite l\u2019ASSE, son club de c\u0153ur. Pur St\u00e9phanois, attach\u00e9 \u00e0 ses racines et \u00e0 ses couleurs, Gonzales conna\u00eetra deux aventures sous le maillot vert (1957-1961, puis 1965-1967), entrecoup\u00e9es d\u2019une parenth\u00e8se au RC Strasbourg (1961-1965), avant de finir sa carri\u00e8re de joueur avec une licence d\u2019ex-pro \u00e0 Roanne.<\/p>\n<blockquote class=\"twitter-tweet\">\n<p dir=\"ltr\" lang=\"fr\">\ud83d\udda4 L&rsquo;AS Saint-\u00c9tienne a appris avec une profonde tristesse la disparition de Gin\u00e8s Gonzales, ancien d\u00e9fenseur des Verts.<\/p>\n<p>N\u00e9 \u00e0 Saint-\u00c9tienne en 1938, cet homme discret et humble sera pour toujours champion de France 1967.<\/p>\n<p>\u00c0 sa famille et \u00e0 ses proches, le club adresse ses plus\u2026<\/p>\n<p>\u2014 AS Saint-\u00c9tienne (@ASSEofficiel) <a href=\"https:\/\/twitter.com\/ASSEofficiel\/status\/2004940042205106567?ref_src=twsrc%5Etfw\" target=\"_blank\" rel=\"noopener\">December 27, 2025<\/a><\/p>\n<\/blockquote>\n<p data-start=\"792\" data-end=\"1465\">Durant ses ann\u00e9es vertes et apr\u00e8s avoir particip\u00e9 aux Jeux Olympiques de Rome en 1960, Gin\u00e8s Gonzales a c\u00f4toy\u00e9 et jou\u00e9 aux c\u00f4t\u00e9s de grands noms des Verts, dont Robert Herbin, Jean-Michel Larqu\u00e9, Herv\u00e9 Revelli, Rachid Mekhloufi, Aim\u00e9 Jacquet ou encore son ami proche Georges Bereta. Auteur d\u2019une belle saison 1966-1967, le natif de Saint-Priest-en-Jarez (Loire) fait partie de l\u2019effectif sacr\u00e9 champion de France en 1967 sous les ordres de Jean Snella. D\u00e9fenseur lat\u00e9ral dur sur l\u2019homme, intraitable dans le duel, il incarnait ces joueurs fiables sur lesquels un groupe peut toujours s\u2019appuyer. Apr\u00e8s sa carri\u00e8re, il avait \u00e9galement entra\u00een\u00e9 la section amateure de l\u2019ASSE.<\/p>\n<p data-start=\"1467\" data-end=\"1589\" data-is-last-node=\"\" data-is-only-node=\"\">L\u2019ensemble de la r\u00e9daction de Foot-National pr\u00e9sente ses plus sinc\u00e8res condol\u00e9ances \u00e0 la famille et aux proches du d\u00e9funt.<\/p>\n<p>Partagez cette info avec vos amis et vos proches en cliquant ici<br \/>Carnet Noir : Gin\u00e8s Gonzales, champion de France 1967 avec Saint Etienne est mort<\/p>\n<p>Gin\u00e8s Gonzales, pur St\u00e9phanois et d\u00e9fenseur de l\u2019ASSE, est d\u00e9c\u00e9d\u00e9 le 27 d\u00e9cembre. Champion de France 1967, il avait \u00e9galement jou\u00e9 au RC Strasbourg et particip\u00e9 aux Jeux Olympiques de 1960, laissant un h\u00e9ritage durable au club.<\/p>\n<p> <img decoding=\"async\" width=\"76\" height=\"76\" loading=\"lazy\" src=\"https:\/\/static.wui.fr\/images_v3\/avatar-footnational.png\" alt=\"Clement Fradique\"\/><script async src=\"https:\/\/platform.twitter.com\/widgets.js\" charset=\"utf-8\"><\/script><\/p>\n","protected":false},"excerpt":{"rendered":"L\u2019homme d\u2019une ville nous a quitt\u00e9s ce samedi 27 d\u00e9cembre. Form\u00e9 \u00e0 l\u2019Olympique de Saint-\u00c9tienne, Gin\u00e8s Gonzales rejoint&hellip;\n","protected":false},"author":2,"featured_media":625920,"comment_status":"","ping_status":"","sticky":false,"template":"","format":"standard","meta":{"footnotes":""},"categories":[9653],"tags":[1111,11,2430,1777,674,1011,27,64961,59995,12,25,4001],"class_list":{"0":"post-625919","1":"post","2":"type-post","3":"status-publish","4":"format-standard","5":"has-post-thumbnail","7":"category-saint-etienne","8":"tag-actu","9":"tag-actualites","10":"tag-auvergne-rhone-alpes","11":"tag-eu","12":"tag-europe","13":"tag-fr","14":"tag-france","15":"tag-ligue-1-actus","16":"tag-ligue-2-actus","17":"tag-news","18":"tag-republique-francaise","19":"tag-saint-etienne"},"share_on_mastodon":{"url":"https:\/\/pubeurope.com\/@fr\/115793733586586333","error":""},"_links":{"self":[{"href":"https:\/\/www.europesays.com\/fr\/wp-json\/wp\/v2\/posts\/625919","targetHints":{"allow":["GET"]}}],"collection":[{"href":"https:\/\/www.europesays.com\/fr\/wp-json\/wp\/v2\/posts"}],"about":[{"href":"https:\/\/www.europesays.com\/fr\/wp-json\/wp\/v2\/types\/post"}],"author":[{"embeddable":true,"href":"https:\/\/www.europesays.com\/fr\/wp-json\/wp\/v2\/users\/2"}],"replies":[{"embeddable":true,"href":"https:\/\/www.europesays.com\/fr\/wp-json\/wp\/v2\/comments?post=625919"}],"version-history":[{"count":0,"href":"https:\/\/www.europesays.com\/fr\/wp-json\/wp\/v2\/posts\/625919\/revisions"}],"wp:featuredmedia":[{"embeddable":true,"href":"https:\/\/www.europesays.com\/fr\/wp-json\/wp\/v2\/media\/625920"}],"wp:attachment":[{"href":"https:\/\/www.europesays.com\/fr\/wp-json\/wp\/v2\/media?parent=625919"}],"wp:term":[{"taxonomy":"category","embeddable":true,"href":"https:\/\/www.europesays.com\/fr\/wp-json\/wp\/v2\/categories?post=625919"},{"taxonomy":"post_tag","embeddable":true,"href":"https:\/\/www.europesays.com\/fr\/wp-json\/wp\/v2\/tags?post=625919"}],"curies":[{"name":"wp","href":"https:\/\/api.w.org\/{rel}","templated":true}]}}