{"id":62592,"date":"2025-04-29T19:52:09","date_gmt":"2025-04-29T19:52:09","guid":{"rendered":"https:\/\/www.europesays.com\/fr\/62592\/"},"modified":"2025-04-29T19:52:09","modified_gmt":"2025-04-29T19:52:09","slug":"fayza-lamari-la-mere-de-mbappe-voulait-vendre-le-club-de-caen","status":"publish","type":"post","link":"https:\/\/www.europesays.com\/fr\/62592\/","title":{"rendered":"Fayza Lamari, la m\u00e8re de Mbapp\u00e9, voulait vendre le club de Caen"},"content":{"rendered":"<p>La maman du capitaine des Bleus, propri\u00e9taire du Stade Malherbe Caen rel\u00e9gu\u00e9 en troisi\u00e8me division, est sortie du silence ce mardi.<\/p>\n<p class=\"fig-paragraph\">Sa prise de parole \u00e9tait attendue par les supporters du Stade Malherbe Caen. Fayza Lamari, maman de Kylian Mbapp\u00e9, a tenu ses engagements en r\u00e9pondant \u00e0 toutes les questions au micro d\u2019\u00a0<a href=\"https:\/\/www.francebleu.fr\/sports\/football\/exclu-sm-caen-suivez-en-direct-l-interview-de-fayza-lamari-invitee-exceptionnelle-de-17h30-a-19h-1603683\" target=\"_blank\" rel=\"nofollow noopener\" data-gtm-custom-categorie=\"navigation\" data-gtm-custom-action=\"crossclick\" data-gtm-custom-label=\"Contextuel\" data-gtm-event=\"customEventSPE\">Ici Normandie<\/a> \u00a0sur l\u2019implication du champion du monde 2018 au sein du club normand, malgr\u00e9 la rel\u00e9gation en National cette saison. Propri\u00e9taire du club depuis l\u2019\u00e9t\u00e9 dernier, la star du Real Madrid est critiqu\u00e9e, avec ses conseils, pour ses choix et les mauvais r\u00e9sultats entrevus tout au long de l\u2019ann\u00e9e. \u00abJe crois qu\u2019il est temps, apr\u00e8s cette saison \u00e9prouvante pour tous les supporters, pour tous les amoureux du club, d\u2019apporter quelques r\u00e9ponses\u00bb, avance-t-elle en pr\u00e9ambule.<\/p>\n<p class=\"fig-paragraph\">\u00abMoi j\u2019ai eu de la col\u00e8re \u00e0 certains moments de la saison parce qu\u2019effectivement quand on s\u2019attaque gratuitement au pr\u00e9sident, quand on s\u2019attaque gratuitement \u00e0 ma personne, on oublie juste de dire pourquoi est-ce qu\u2019on est venu et que c\u2019est notre argent personnel\u00bb, avoue la m\u00e8re du capitaine des Bleus, dont la sortie m\u00e9diatique \u00e9tait r\u00e9clam\u00e9e par des supporters en col\u00e8re face au path\u00e9tique spectacle des derni\u00e8res semaines.<\/p>\n<p class=\"fig-body-link\">\n            \u00c0 lire aussi<br \/>\n        <a class=\"fig-body-link__link\" href=\"http:\/\/www.lefigaro.fr\/sports\/football\/tu-descends-en-national-et-tu-fermes-ta-gueule-l-enorme-colere-de-yann-m-vila-milieu-de-terrain-de-caen-20250428\" data-fig-type=\"NewsFlash\" data-gtm-custom-categorie=\"navigation\" data-gtm-custom-action=\"crossclick\" data-gtm-custom-label=\"Contextuel\" data-gtm-event=\"customEventSPE\" data-fig-domain=\"LEFIGARO\" target=\"_blank\" rel=\"noopener\">\u00abTu descends en National et tu fermes ta gueule\u00bb\u00a0: l\u2019\u00e9norme col\u00e8re de Yann M\u2019Vila, milieu de terrain de Caen<br \/>\n    <\/a>\n<\/p>\n<p>Mbapp\u00e9 a convaincu sa maman de ne pas vendre le club<\/p>\n<p class=\"fig-paragraph\"><a href=\"http:\/\/www.lefigaro.fr\/sports\/football\/ligue-2-colere-et-amertume-des-supporters-a-caen-apres-la-relegation-mbappe-dans-le-viseur-des-supporters-20250419\" data-fig-type=\"NewsFlash\" data-gtm-custom-categorie=\"navigation\" data-gtm-custom-action=\"crossclick\" data-gtm-custom-label=\"Contextuel\" data-gtm-event=\"customEventSPE\" data-fig-domain=\"LEFIGARO\" target=\"_blank\" rel=\"noopener\">Prise \u00e0 partie par les supporters<\/a>, cette derni\u00e8re conc\u00e8de avoir v\u00e9cu difficilement cette s\u00e9quence. \u00abDes affiches o\u00f9 on m\u2019insultait, o\u00f9 on insultait le pr\u00e9sident, ajoute-t-elle, faisant r\u00e9f\u00e9rence \u00e0 celle entrevue cet hiver \u00e0 D\u2019Ornano (Fayza, les bouseux sont dans la merde). Et je me souviens d\u2019avoir dit \u00e0 Kylian humblement qu\u2019on ne nous m\u00e9ritait pas et qu\u2019on mettait notre argent et qu\u2019il fallait savoir partir quand on n\u2019\u00e9tait pas d\u00e9sir\u00e9. Kylian n\u2019a pas voulu, Ziad (Hammoud, ndlr) n\u2019a pas voulu. Il m\u2019a convaincu du contraire. Et aujourd\u2019hui, ce serait malhonn\u00eate de partir car justement, on est aussi venu l\u00e0 pour ces valeurs-l\u00e0. Donc, je pr\u00e9f\u00e8re positiver et me dire que, encore une fois, je suis une ancienne sportive, donc je sais ce que c\u2019est que de monter et descendre, c\u2019est de me dire en voyant le positif dans le n\u00e9gatif, m\u00eame si c\u2019est difficile aujourd\u2019hui de l\u2019imaginer comme \u00e7a, c\u2019est peut-\u00eatre un mal pour un bien.\u00bb<\/p>\n<blockquote class=\"fig-quote&#10;    \">\n<p class=\"fig-quote__text\">bien s\u00fbr que dans l\u2019id\u00e9al, on aurait aim\u00e9 avoir le club six mois avant pour pouvoir pr\u00e9parer. Quand vous r\u00e9cup\u00e9rez le club au mois d\u2019ao\u00fbt et que vous d\u00e9couvrez les cadavres qu\u2019il y a \u00e0 l\u2019int\u00e9rieur du club &#8211; parce qu\u2019il y en avait &#8211; je d\u00e9fie quiconque de venir voir. Et on expliquera par A plus B ce qu\u2019on a d\u00e9couvert\u2019<\/p>\n<p>            Fayza Lamari\n    <\/p><\/blockquote>\n<p class=\"fig-paragraph\">Fayza Lamari explique aussi \u00e0 nos confr\u00e8res la mani\u00e8re dont Kylian Mbapp\u00e9 a rachet\u00e9 le club. \u00abOn r\u00e9cup\u00e8re le club au mois d\u2019ao\u00fbt, on commence les discussions en f\u00e9vrier. \u00c7a fait presque deux ans qu\u2019on sait qu\u2019on va peut-\u00eatre se positionner sur Caen pour plein de raisons. \u00c7a ne se fait pas en temps et en heure. Bien s\u00fbr que dans l\u2019id\u00e9al, on aurait aim\u00e9 avoir le club six mois avant pour pouvoir pr\u00e9parer. Quand vous r\u00e9cup\u00e9rez le club au mois d\u2019ao\u00fbt et que vous d\u00e9couvrez les cadavres qu\u2019il y a \u00e0 l\u2019int\u00e9rieur du club &#8211; parce qu\u2019il y en avait &#8211; je d\u00e9fie quiconque de venir voir. Et on expliquera par A plus B ce qu\u2019on a d\u00e9couvert.\u00bb<\/p>\n<p class=\"fig-paragraph\">Relanc\u00e9e sur les erreurs commises cette saison, avec notamment trois entra\u00eeneurs et le licenciement de l\u2019ic\u00f4ne du club, Nicolas Seube, la maman de l\u2019attaquant du Real Madrid plaide ne se d\u00e9file pas, sans pour autant tout dire: \u00abIl n\u2019y en a pas une, il y en a plusieurs et il y en a qui nous incombent. Et puis il y en a d\u2019autres qu\u2019on a subies tout simplement. L\u2019ann\u00e9e derni\u00e8re, avant la nomination de Nicolas Seube, tout le monde est au plus bas, donc il y a plusieurs erreurs. Lesquelles\u00a0? Est-ce que je peux les nommer\u00a0? Non, mais il y en a plusieurs, et on est en train de faire le bilan. On est en train de faire l\u2019audit pour effectivement pas r\u00e9it\u00e9rer les m\u00eames erreurs.\u00a0\u00bb<\/p>\n<p>Quid du SM Caen en National\u00a0?<\/p>\n<p class=\"fig-paragraph\">Sur l\u2019avenir du club, d\u00e9sormais en troisi\u00e8me division, Fayza Lamari prend des pr\u00e9cautions oratoires. \u00abOn ne lie pas la vente du club \u00e0 une remont\u00e9e ou non, avoue-t-elle \u00e0 la r\u00e9ponse d\u2019un auditeur. Seul, on n\u2019y arrivera pas. On a besoin de tous les acteurs, c\u2019est un travail collectif. C\u2019est tous ensemble que l\u2019on y arrivera. Il faut travailler dans la m\u00eame direction.\u00bb<\/p>\n<p class=\"fig-paragraph\">\u00abNotre r\u00f4le aujourd\u2019hui, c\u2019est d\u2019assainir les finances, de revenir \u00e0 des bases saines, de d\u00e9penser que ce que l\u2019on a et de pas \u00eatre sur de l\u2019hypoth\u00e9tique, et ensuite de reconstruire, parce que \u00e7a se construit, une remont\u00e9e, pr\u00e9vient-elle. Et on l\u2019a bien vu cette ann\u00e9e, on avait le cinqui\u00e8me budget et on est descendu. Inversement, on voit bien que les deux premiers aujourd\u2019hui en National, ont cinq millions et trois millions et montent. Et un club comme Valenciennes \u00e0 14 millions va rester \u00e0 quai. Donc, je crois que ce n\u2019est pas une histoire de budget, c\u2019est une histoire de projet. Maintenant, ce qui va \u00eatre tr\u00e8s dur effectivement, c\u2019est de redescendre avec les moyens qu\u2019on a et on a malgr\u00e9 tout, \u00e7a se reconstruit.\u00bb<\/p>\n","protected":false},"excerpt":{"rendered":"La maman du capitaine des Bleus, propri\u00e9taire du Stade Malherbe Caen rel\u00e9gu\u00e9 en troisi\u00e8me division, est sortie du&hellip;\n","protected":false},"author":2,"featured_media":62593,"comment_status":"","ping_status":"","sticky":false,"template":"","format":"standard","meta":{"footnotes":""},"categories":[1410],"tags":[454,69,448,83,451,64,450,449,63,1011,27,452,6477,453,66,446,447,70,60,455],"class_list":{"0":"post-62592","1":"post","2":"type-post","3":"status-publish","4":"format-standard","5":"has-post-thumbnail","7":"category-football","8":"tag-ballon-dor","9":"tag-bundesliga","10":"tag-champions-league","11":"tag-coupe-de-france","12":"tag-coupe-du-monde","13":"tag-equipe-de-france","14":"tag-euro","15":"tag-europa-league","16":"tag-football","17":"tag-fr","18":"tag-france","19":"tag-italie","20":"tag-kylian-mbappe","21":"tag-liga","22":"tag-ligue-1","23":"tag-ligue-2","24":"tag-ligue-des-champions","25":"tag-premier-league","26":"tag-sports","27":"tag-uefa"},"share_on_mastodon":{"url":"https:\/\/pubeurope.com\/@fr\/114423001596235648","error":""},"_links":{"self":[{"href":"https:\/\/www.europesays.com\/fr\/wp-json\/wp\/v2\/posts\/62592","targetHints":{"allow":["GET"]}}],"collection":[{"href":"https:\/\/www.europesays.com\/fr\/wp-json\/wp\/v2\/posts"}],"about":[{"href":"https:\/\/www.europesays.com\/fr\/wp-json\/wp\/v2\/types\/post"}],"author":[{"embeddable":true,"href":"https:\/\/www.europesays.com\/fr\/wp-json\/wp\/v2\/users\/2"}],"replies":[{"embeddable":true,"href":"https:\/\/www.europesays.com\/fr\/wp-json\/wp\/v2\/comments?post=62592"}],"version-history":[{"count":0,"href":"https:\/\/www.europesays.com\/fr\/wp-json\/wp\/v2\/posts\/62592\/revisions"}],"wp:featuredmedia":[{"embeddable":true,"href":"https:\/\/www.europesays.com\/fr\/wp-json\/wp\/v2\/media\/62593"}],"wp:attachment":[{"href":"https:\/\/www.europesays.com\/fr\/wp-json\/wp\/v2\/media?parent=62592"}],"wp:term":[{"taxonomy":"category","embeddable":true,"href":"https:\/\/www.europesays.com\/fr\/wp-json\/wp\/v2\/categories?post=62592"},{"taxonomy":"post_tag","embeddable":true,"href":"https:\/\/www.europesays.com\/fr\/wp-json\/wp\/v2\/tags?post=62592"}],"curies":[{"name":"wp","href":"https:\/\/api.w.org\/{rel}","templated":true}]}}