{"id":625921,"date":"2025-12-27T21:48:16","date_gmt":"2025-12-27T21:48:16","guid":{"rendered":"https:\/\/www.europesays.com\/fr\/625921\/"},"modified":"2025-12-27T21:48:16","modified_gmt":"2025-12-27T21:48:16","slug":"le-village-de-saint-nicolas-de-la-place-charles-iii-se-cloture-en-lumiere-et-en-magie","status":"publish","type":"post","link":"https:\/\/www.europesays.com\/fr\/625921\/","title":{"rendered":"le Village de Saint Nicolas de la place Charles-III se cl\u00f4ture en lumi\u00e8re et en magie"},"content":{"rendered":"<p>Avant de fermer ses portes ce dimanche soir, le Grand Village de Saint Nicolas, install\u00e9 sur la place Charles-III \u00e0 Nancy, avait programm\u00e9 sa c\u00e9r\u00e9monie de cl\u00f4ture, dans une ambiance de lumi\u00e8re et de magie, ce samedi soir. Un moment suspendu, pens\u00e9 comme un final enchanteur, pour c\u00e9l\u00e9brer l\u2019esprit de No\u00ebl, le partage et l\u2019\u00e9merveillement qui ont rythm\u00e9 ce march\u00e9 de No\u00ebl tout au long de cette p\u00e9riode festive.<\/p>\n","protected":false},"excerpt":{"rendered":"Avant de fermer ses portes ce dimanche soir, le Grand Village de Saint Nicolas, install\u00e9 sur la place&hellip;\n","protected":false},"author":2,"featured_media":625922,"comment_status":"","ping_status":"","sticky":false,"template":"","format":"standard","meta":{"footnotes":""},"categories":[9635],"tags":[1111,11,1687,1704,1777,674,1795,1011,27,5325,2798,775,1702,12,25],"class_list":{"0":"post-625921","1":"post","2":"type-post","3":"status-publish","4":"format-standard","5":"has-post-thumbnail","7":"category-nancy","8":"tag-actu","9":"tag-actualites","10":"tag-culture-loisirs","11":"tag-edition-nancy-et-agglomeration","12":"tag-eu","13":"tag-europe","14":"tag-fil-web","15":"tag-fr","16":"tag-france","17":"tag-galerie-media","18":"tag-galerie-photo","19":"tag-grand-est","20":"tag-nancy","21":"tag-news","22":"tag-republique-francaise"},"share_on_mastodon":{"url":"https:\/\/pubeurope.com\/@fr\/115793736906981986","error":""},"_links":{"self":[{"href":"https:\/\/www.europesays.com\/fr\/wp-json\/wp\/v2\/posts\/625921","targetHints":{"allow":["GET"]}}],"collection":[{"href":"https:\/\/www.europesays.com\/fr\/wp-json\/wp\/v2\/posts"}],"about":[{"href":"https:\/\/www.europesays.com\/fr\/wp-json\/wp\/v2\/types\/post"}],"author":[{"embeddable":true,"href":"https:\/\/www.europesays.com\/fr\/wp-json\/wp\/v2\/users\/2"}],"replies":[{"embeddable":true,"href":"https:\/\/www.europesays.com\/fr\/wp-json\/wp\/v2\/comments?post=625921"}],"version-history":[{"count":0,"href":"https:\/\/www.europesays.com\/fr\/wp-json\/wp\/v2\/posts\/625921\/revisions"}],"wp:featuredmedia":[{"embeddable":true,"href":"https:\/\/www.europesays.com\/fr\/wp-json\/wp\/v2\/media\/625922"}],"wp:attachment":[{"href":"https:\/\/www.europesays.com\/fr\/wp-json\/wp\/v2\/media?parent=625921"}],"wp:term":[{"taxonomy":"category","embeddable":true,"href":"https:\/\/www.europesays.com\/fr\/wp-json\/wp\/v2\/categories?post=625921"},{"taxonomy":"post_tag","embeddable":true,"href":"https:\/\/www.europesays.com\/fr\/wp-json\/wp\/v2\/tags?post=625921"}],"curies":[{"name":"wp","href":"https:\/\/api.w.org\/{rel}","templated":true}]}}