{"id":625923,"date":"2025-12-27T21:49:20","date_gmt":"2025-12-27T21:49:20","guid":{"rendered":"https:\/\/www.europesays.com\/fr\/625923\/"},"modified":"2025-12-27T21:49:20","modified_gmt":"2025-12-27T21:49:20","slug":"les-createurs-de-stranger-things-confirment-la-separation-definitive-entre-nancy-et-jonathan","status":"publish","type":"post","link":"https:\/\/www.europesays.com\/fr\/625923\/","title":{"rendered":"Les cr\u00e9ateurs de Stranger Things confirment la s\u00e9paration d\u00e9finitive entre Nancy et Jonathan"},"content":{"rendered":"<p>La saison 5 de Stranger Things a d\u00e9j\u00e0 livr\u00e9 plusieurs moments m\u00e9morables durant son deuxi\u00e8me <strong>chapitre<\/strong>. Certains surviennent m\u00eame dans le m\u00eame \u00e9pisode. Une sc\u00e8ne domine n\u00e9anmoins les discussions entre fans et on ne peut les bl\u00e2mer. Elle constitue probablement l\u2019un des passages les plus touchants et puissants de toute la <strong>s\u00e9rie<\/strong>.<\/p>\n<p><img data-perfmatters-preload=\"\" fetchpriority=\"high\" decoding=\"async\" class=\"size-full wp-image-522625 aligncenter\" src=\"https:\/\/www.europesays.com\/fr\/wp-content\/uploads\/2025\/12\/IMG_5168-scaled.jpeg\" alt=\"\" width=\"2048\" height=\"1152\"  \/><br \/>Cette s\u00e9quence a toutefois sem\u00e9 la confusion concernant la relation entre deux personnages cl\u00e9s. Matt Duffer, co-cr\u00e9ateur de la s\u00e9rie, vient de fournir une r\u00e9ponse d\u00e9finitive sur cette sc\u00e8ne et son <strong>impact<\/strong>. La clarification met fin aux sp\u00e9culations entourant l\u2019avenir du couple embl\u00e9matique form\u00e9 par Nancy Wheeler et Jonathan Byers depuis plusieurs <strong>saisons<\/strong>.<\/p>\n<p><strong>Une demande inhabituelle symbolisant une rupture assum\u00e9e<\/strong><\/p>\n<p>La sc\u00e8ne cruciale survient dans l\u2019\u00e9pisode six de la saison 5 intitul\u00e9 Escape from <strong>Camazotz<\/strong>. L\u2019action reprend apr\u00e8s que Nancy et Jonathan ont accidentellement d\u00e9clench\u00e9 un \u00e9v\u00e9nement majeur susceptible de d\u00e9chirer l\u2019Upside Down. Les cons\u00e9quences laissent Nancy (Natalia Dyer) et Jonathan (Charlie Heaton) pi\u00e9g\u00e9s face \u00e0 leurs derniers <strong>instants<\/strong>.<\/p>\n<p>Une demande en mariage a effectivement lieu mais d\u2019une mani\u00e8re inhabituelle indiquant qu\u2019ils se <strong>s\u00e9parent<\/strong>. Cette tournure a laiss\u00e9 certains fans perplexes jusqu\u2019\u00e0 ce que Matt Duffer fournisse une r\u00e9ponse sans \u00e9quivoque \u00e0 People : \u00ab C\u2019est une rupture. Ils ont <strong>rompu<\/strong> \u00bb. La formulation cat\u00e9gorique ne laisse aucune place \u00e0 l\u2019interpr\u00e9tation ou \u00e0 l\u2019<strong>ambigu\u00eft\u00e9<\/strong>.<\/p>\n<p>Les fr\u00e8res Duffer r\u00e9v\u00e8lent pourquoi ils ont s\u00e9par\u00e9 l\u2019un des couples les plus anciens de Stranger <strong>Things<\/strong>. Jonathan et Nancy forment essentiellement un couple depuis la fin de la saison 2 et le d\u00e9but de la saison 3. La saison 4 comportait toutefois sa part de <strong>d\u00e9fis<\/strong>.<\/p>\n<p style=\"text-align: center;\"><strong>\u00c0 LIRE AUSSI : <a href=\"https:\/\/www.fredzone.org\/landman-poursuit-sa-diffusion-avec-un-nouveau-chapitre-tres-attendu\/\" target=\"_blank\" rel=\"noopener\">Landman poursuit sa diffusion avec un nouveau chapitre tr\u00e8s attendu<\/a><\/strong><\/p>\n<p><strong>Une d\u00e9cision narrative au service de l\u2019ind\u00e9pendance de Nancy<\/strong><\/p>\n<p>Ces difficult\u00e9s se sont intensifi\u00e9es durant la saison 5 tandis que le foss\u00e9 entre les deux ne cessait de <strong>s\u2019\u00e9largir<\/strong>. Cette rupture a donc beaucoup de sens selon les cr\u00e9ateurs. Matt Duffer r\u00e9v\u00e8le que c\u2019\u00e9tait ce qu\u2019il y avait de mieux pour le personnage de Nancy <strong>globalement<\/strong>.<\/p>\n<p>\u00ab Il est difficile de se rappeler exactement quand cette id\u00e9e est venue, mais je pense que nous \u2013 et les sc\u00e9naristes \u2013 avons tous ressenti que Nancy devait finir seule et \u00eatre ind\u00e9pendante et avoir l\u2019opportunit\u00e9 de se <strong>trouver<\/strong> \u00bb, d\u00e9clare Matt Duffer. Cette volont\u00e9 narrative place l\u2019\u00e9mancipation du personnage au c\u0153ur de l\u2019arc <strong>sc\u00e9naristique<\/strong>.<\/p>\n<p>Duffer souligne aussi qu\u2019il s\u2019agit d\u2019un d\u00e9nouement relativement <strong>r\u00e9aliste<\/strong>. De nombreuses relations d\u00e9butant au lyc\u00e9e ne se poursuivent pas dans la dur\u00e9e. \u00ab Combien de personnes finissent avec leur petite amie ou petit ami rencontr\u00e9 au <strong>lyc\u00e9e<\/strong> ? \u00bb interroge-t-il rh\u00e9toriquement. Cette observation ancr\u00e9e dans la r\u00e9alit\u00e9 justifie le choix narratif des <strong>cr\u00e9ateurs<\/strong>.<\/p>\n<p style=\"text-align: center;\"><strong>\u00c0 LIRE AUSSI : <a href=\"https:\/\/www.fredzone.org\/bienvenue-a-derry-un-final-glacant-qui-relie-enfin-la-serie-aux-films-ca\/\" target=\"_blank\" rel=\"noopener\">Bienvenue \u00e0 Derry : un final gla\u00e7ant qui relie enfin la s\u00e9rie aux films \u00c7a<\/a><\/strong><\/p>\n<p><strong>Le concept de trauma bond expliquant leur lien profond<\/strong><\/p>\n<p>Certains pensaient que simplement en raison de tout ce que les deux avaient travers\u00e9 ensemble, ils avaient une <strong>chance<\/strong>. Matt Duffer comprend cette notion en reconnaissant qu\u2019ils \u00ab ont une relation un peu plus compliqu\u00e9e que des lyc\u00e9ens <strong>normaux<\/strong> \u00bb. Ross Duffer approuve en qualifiant leur lien de \u00ab trauma <strong>bond<\/strong> \u00bb.<\/p>\n<p>Ce concept d\u00e9signe un attachement form\u00e9 par des exp\u00e9riences traumatisantes <strong>partag\u00e9es<\/strong>. Nancy et Jonathan parviennent aussi \u00e0 accepter cette r\u00e9alit\u00e9 durant leur conversation d\u2019une honn\u00eatet\u00e9 <strong>impressionnante<\/strong>. Les deux personnages reconnaissent que leur relation repose davantage sur les \u00e9preuves travers\u00e9es que sur une v\u00e9ritable compatibilit\u00e9 \u00e0 long <strong>terme<\/strong>.<\/p>\n<p>Les parties 1 et 2 de la saison 5 de Stranger Things sont d\u00e9sormais disponibles sur <strong>Netflix<\/strong>. Le final de la s\u00e9rie sera diffus\u00e9 sur la plateforme le 31 d\u00e9cembre, offrant aux fans la conclusion tant attendue de cette aventure surnaturelle d\u00e9but\u00e9e en <strong>2016<\/strong>.<\/p>\n<p><strong>SOURCE : <a href=\"https:\/\/comicbook.com\/tv-shows\/news\/the-definitive-answer-to-stranger-things-season-5s-most-touching-but-confusing-scene\/\" target=\"_blank\" rel=\"noopener\">ComicBook<\/a><\/strong><\/p>\n","protected":false},"excerpt":{"rendered":"La saison 5 de Stranger Things a d\u00e9j\u00e0 livr\u00e9 plusieurs moments m\u00e9morables durant son deuxi\u00e8me chapitre. Certains surviennent&hellip;\n","protected":false},"author":2,"featured_media":625924,"comment_status":"","ping_status":"","sticky":false,"template":"","format":"standard","meta":{"footnotes":""},"categories":[9635],"tags":[1111,11,1777,674,1011,27,775,14171,1702,12,25,19536],"class_list":{"0":"post-625923","1":"post","2":"type-post","3":"status-publish","4":"format-standard","5":"has-post-thumbnail","7":"category-nancy","8":"tag-actu","9":"tag-actualites","10":"tag-eu","11":"tag-europe","12":"tag-fr","13":"tag-france","14":"tag-grand-est","15":"tag-jonathan","16":"tag-nancy","17":"tag-news","18":"tag-republique-francaise","19":"tag-stranger-things"},"share_on_mastodon":{"url":"https:\/\/pubeurope.com\/@fr\/115793741619511682","error":""},"_links":{"self":[{"href":"https:\/\/www.europesays.com\/fr\/wp-json\/wp\/v2\/posts\/625923","targetHints":{"allow":["GET"]}}],"collection":[{"href":"https:\/\/www.europesays.com\/fr\/wp-json\/wp\/v2\/posts"}],"about":[{"href":"https:\/\/www.europesays.com\/fr\/wp-json\/wp\/v2\/types\/post"}],"author":[{"embeddable":true,"href":"https:\/\/www.europesays.com\/fr\/wp-json\/wp\/v2\/users\/2"}],"replies":[{"embeddable":true,"href":"https:\/\/www.europesays.com\/fr\/wp-json\/wp\/v2\/comments?post=625923"}],"version-history":[{"count":0,"href":"https:\/\/www.europesays.com\/fr\/wp-json\/wp\/v2\/posts\/625923\/revisions"}],"wp:featuredmedia":[{"embeddable":true,"href":"https:\/\/www.europesays.com\/fr\/wp-json\/wp\/v2\/media\/625924"}],"wp:attachment":[{"href":"https:\/\/www.europesays.com\/fr\/wp-json\/wp\/v2\/media?parent=625923"}],"wp:term":[{"taxonomy":"category","embeddable":true,"href":"https:\/\/www.europesays.com\/fr\/wp-json\/wp\/v2\/categories?post=625923"},{"taxonomy":"post_tag","embeddable":true,"href":"https:\/\/www.europesays.com\/fr\/wp-json\/wp\/v2\/tags?post=625923"}],"curies":[{"name":"wp","href":"https:\/\/api.w.org\/{rel}","templated":true}]}}