{"id":625932,"date":"2025-12-27T21:55:19","date_gmt":"2025-12-27T21:55:19","guid":{"rendered":"https:\/\/www.europesays.com\/fr\/625932\/"},"modified":"2025-12-27T21:55:19","modified_gmt":"2025-12-27T21:55:19","slug":"5-membres-des-jeunes-agriculteurs-de-seine-maritime-places-en-garde-a-vue","status":"publish","type":"post","link":"https:\/\/www.europesays.com\/fr\/625932\/","title":{"rendered":"5 membres des \u00ab\u00a0Jeunes agriculteurs\u00a0\u00bb de Seine-Maritime plac\u00e9s en garde \u00e0 vue"},"content":{"rendered":"<p class=\"article__intro\">Le pr\u00e9sident des \u00ab\u00a0Jeunes agriculteurs\u00a0\u00bb de Seine-Maritime et quatre adh\u00e9rents ont \u00e9t\u00e9 interpell\u00e9s vendredi 26 d\u00e9cembre par la BAC de Rouen. Ils b\u00e2chaient des radars. Le syndicat d\u00e9nonce les gardes \u00e0 vue. Il annonce une manifestation des agriculteurs de toute la Normandie le 5 janvier.<\/p>\n<p>\n      L\u2019actu des r\u00e9gions\n    <\/p>\n<p>\n      Chaque jour, un tour d\u2019horizon des principales infos de toutes les r\u00e9gions.\n    <\/p>\n<p>    France T\u00e9l\u00e9visions utilise votre adresse e-mail afin de vous envoyer la newsletter \u00ab\u00a0L\u2019actu des r\u00e9gions\u00a0\u00bb. Vous pouvez vous d\u00e9sinscrire \u00e0 tout moment via le lien en bas de cette newsletter. <a target=\"_blank\" href=\"https:\/\/www.francetelevisions.fr\/groupe\/confidentialite\/politique-de-confidentialite\/politique-de-confidentialite-de-france-televisions-6503\" rel=\"noopener\">Notre politique de confidentialit\u00e9<\/a><\/p>\n<p>Pendant les f\u00eates de fin d&rsquo;ann\u00e9e, les agriculteurs continuent d&rsquo;attirer l&rsquo;attention de la population sur les cons\u00e9quences des accords du Mercosur (import-export avec l&rsquo;Am\u00e9rique du sud). Vendredi 27 d\u00e9cembre vers 23 heures, de jeunes agriculteurs  b\u00e2chaient des radars automatiques sur la Sud III \u00e0 l&rsquo;entr\u00e9e de Rouen.<\/p>\n<p>Ils ont \u00e9t\u00e9 interpell\u00e9s en flagrant d\u00e9lit par les policiers de la BAC et conduits au commissariat puis plac\u00e9s en garde \u00e0 vue. Les gardes \u00e0 vue du pr\u00e9sident des \u00ab\u00a0Jeunes agriculteurs\u00a0\u00bb de Seine-Maritime et 4 adh\u00e9rents dont 1 mineur ont \u00e9t\u00e9 lev\u00e9es samedi matin. <\/p>\n<p>Le parquet de Rouen relate les faits : <\/p>\n<blockquote class=\"ftvi_content_quote\">\n<p class=\"ftvi_citation_quote\">A Rouen, cinq individus se revendiquant des \u00ab\u00a0Jeunes agriculteurs 76\u00a0\u00bb, dont un mineur, \u00e9taient surpris et interpell\u00e9s le long de la Sud III, alors que leurs deux v\u00e9hicules \u00e9taient sur la bande d\u2019arr\u00eat d\u2019urgence, et qu\u2019ils venaient d\u2019entourer d&rsquo;une b\u00e2che plastique et tagguer \u00a0un radar automatique.<\/p>\n<p>S\u00e9bastien Gallois, procureur de la R\u00e9publique de Rouen<\/p><\/blockquote>\n<p>Le passage au poste a \u00e9t\u00e9 respectueux, explique un repr\u00e9sentant des J.A. Les interpell\u00e9s ont rendez-vous avec le procureur de la R\u00e9publique en mai dans le cadre d&rsquo;une ordonnance p\u00e9nale. (La<a href=\"https:\/\/www.securite-routiere.gouv.fr\/radars\/radars-et-sanctions\/la-degradation-des-radars\" target=\"_blank\" rel=\"noopener noreferrer nofollow\" data-tooltip-url=\"https:\/\/www.securite-routiere.gouv.fr\/radars\/radars-et-sanctions\/la-degradation-des-radars\"> d\u00e9gradation de radar <\/a>est un d\u00e9lit. Il peut \u00eatre puni de 15 000\u20ac d&rsquo;amende et de peines d&rsquo;int\u00e9r\u00eat g\u00e9n\u00e9ral \u00ab\u00a0pour avoir affich\u00e9 des autocollants, fait des graffitis, occult\u00e9 ou b\u00e2ch\u00e9 les vitres d&rsquo;un radar\u00a0\u00bb.) Le mineur sera, explique le procureur de la R\u00e9publique, soumis \u00e0 \u00ab\u00a0une alternative aux poursuites, en l\u2019esp\u00e8ce une r\u00e9paration p\u00e9nale\u00a0\u00bb.<\/p>\n<p>Dans un communiqu\u00e9, le mouvement des Jeunes agriculteurs de Seine-Maritime explique qu&rsquo;il voulait faire une \u00ab\u00a0action symbolique, non d\u00e9gradante et d\u00fbment d\u00e9clar\u00e9e aupr\u00e8s de la pr\u00e9fecture\u00a0\u00bb. Le parquet de Rouen a constat\u00e9 que\u00a0\u00bbCes gestes (NDLR les b\u00e2chages) ne comptaient \u00e9videmment pas au titre des actions et op\u00e9rations d\u00e9clar\u00e9es en pr\u00e9fecture.\u00a0\u00bb<\/p>\n<p>Les \u00ab\u00a0Jeunes Agriculteurs\u00a0\u00bb soulignent qu&rsquo;ils avaient accept\u00e9 la \u00ab\u00a0tr\u00eave des blocages\u00a0\u00bb pendant les f\u00eates et regrettent les gardes \u00e0 vue. <\/p>\n<blockquote class=\"ftvi_content_quote\">\n<p class=\"ftvi_citation_quote\">Cette intervention constitue un affront de plus des services de l&rsquo;\u00c9tat envers les agriculteurs qui ne cherchent qu&rsquo;\u00e0 se faire entendre et d\u00e9fendre leur avenir.<\/p>\n<p>Communiqu\u00e9 des Jeunes Agriculteurs 76, samedi 27 d\u00e9cembre 2025 <\/p><\/blockquote>\n<p>Les Jeunes agriculteurs annoncent une manifestation d&rsquo;ampleur r\u00e9gionale lundi 5 janvier \u00e0 midi sur le pont de Normandie. C&rsquo;est durant le premier mois de l&rsquo;ann\u00e9e 2026 que sera scell\u00e9 ou non l&rsquo;accord de libre-\u00e9change entre l&rsquo;Union Europ\u00e9enne et 4 pays d&rsquo;Am\u00e9rique latine dont le Br\u00e9sil. En d\u00e9cembre, la signature <a href=\"https:\/\/www.franceinfo.fr\/economie\/crise\/blocus-des-agriculteurs\/accord-ue-mercosur-la-voix-de-la-france-a-ete-entendue-se-felicite-le-ministre-charge-de-l-europe-apres-le-report-du-vote-sur-le-texte_7690723.html\" target=\"_blank\" rel=\"noopener noreferrer nofollow\" data-tooltip-url=\"https:\/\/www.franceinfo.fr\/economie\/crise\/blocus-des-agriculteurs\/accord-ue-mercosur-la-voix-de-la-france-a-ete-entendue-se-felicite-le-ministre-charge-de-l-europe-apres-le-report-du-vote-sur-le-texte_7690723.html\">a \u00e9t\u00e9 report\u00e9e <\/a>mi-janvier. <\/p>\n<blockquote class=\"ftvi_content_quote\">\n<p class=\"ftvi_citation_quote\">\u00a0D\u00e8s le 5 janvier, nous serons de nouveau sur le terrain pour porter haut et fort l&rsquo;ensemble de nos revendications. Et cette fois-ci, il faudra bien plus qu&rsquo;un escadron pour nous faire taire.<\/p>\n<p>Communiqu\u00e9 des Jeunes Agriculteurs 76, samedi 27 d\u00e9cembre 2025<\/p><\/blockquote>\n<p>Les agriculteurs demandent une position claire de la France sur l&rsquo;accord. Les importations de viande venues d&rsquo;Am\u00e9rique du sud sont qualifi\u00e9es de d\u00e9loyales. Elles menaceraient les \u00e9levages fran\u00e7ais.<\/p>\n<p>Le 26 novembre dernier, une centaine d&rsquo;exploitants ont manifest\u00e9 \u00e0 l&rsquo;appel des J.A de Seine-Maritime et de l&rsquo;Eure au p\u00e9age du pont de Tancarville.<\/p>\n<p><a data-article-figure=\"\" href=\"https:\/\/france3-regions.franceinfo.fr\/image\/LACku9KrSaB0P3z6M74671djP6c\/1920x1080\/regions\/2025\/12\/27\/mobilisation-agriculteurs-normands-contre-trait-ue-mercosur-sur-pont-de-tancarville-00-00-38-18-694ff840d174e891930386.jpg\" data-pswp-width=\"1920\" data-pswp-height=\"1080\" target=\"_blank\" rel=\"noopener\"><\/p>\n<p>          <img width=\"600\" height=\"400\" class=\"article-image lazy\" data-src=\"https:\/\/www.europesays.com\/fr\/wp-content\/uploads\/2025\/12\/mobilisation-agriculteurs-normands-contre-trait-ue-mercosur-sur-pont-de-tancarville-00-00-38-18-694f.webp\" alt=\"Manifestation des Jeunes agriculteurs de Seine-Maritime et de l'Eure le 26 novembre sur le pont de Tancarville contre le Mercosur et les taxes. \" fetchpriority=\"high\" as=\"image\"\/><\/p>\n<p>\n            Manifestation des Jeunes agriculteurs de Seine-Maritime et de l&rsquo;Eure le 26 novembre sur le pont de Tancarville contre le Mercosur et les taxes.<br \/>\n                           \u2022<br \/>\n                                      \u00a9 C. Perriaud\/France T\u00e9l\u00e9visions\n                      <\/p>\n<p><\/a><\/p>\n","protected":false},"excerpt":{"rendered":"Le pr\u00e9sident des \u00ab\u00a0Jeunes agriculteurs\u00a0\u00bb de Seine-Maritime et quatre adh\u00e9rents ont \u00e9t\u00e9 interpell\u00e9s vendredi 26 d\u00e9cembre par la&hellip;\n","protected":false},"author":2,"featured_media":625933,"comment_status":"","ping_status":"","sticky":false,"template":"","format":"standard","meta":{"footnotes":""},"categories":[9587],"tags":[1111,11,1777,674,1011,27,12,5161,25,9590],"class_list":{"0":"post-625932","1":"post","2":"type-post","3":"status-publish","4":"format-standard","5":"has-post-thumbnail","7":"category-rouen","8":"tag-actu","9":"tag-actualites","10":"tag-eu","11":"tag-europe","12":"tag-fr","13":"tag-france","14":"tag-news","15":"tag-normandie","16":"tag-republique-francaise","17":"tag-rouen"},"share_on_mastodon":{"url":"https:\/\/pubeurope.com\/@fr\/115793764158415347","error":""},"_links":{"self":[{"href":"https:\/\/www.europesays.com\/fr\/wp-json\/wp\/v2\/posts\/625932","targetHints":{"allow":["GET"]}}],"collection":[{"href":"https:\/\/www.europesays.com\/fr\/wp-json\/wp\/v2\/posts"}],"about":[{"href":"https:\/\/www.europesays.com\/fr\/wp-json\/wp\/v2\/types\/post"}],"author":[{"embeddable":true,"href":"https:\/\/www.europesays.com\/fr\/wp-json\/wp\/v2\/users\/2"}],"replies":[{"embeddable":true,"href":"https:\/\/www.europesays.com\/fr\/wp-json\/wp\/v2\/comments?post=625932"}],"version-history":[{"count":0,"href":"https:\/\/www.europesays.com\/fr\/wp-json\/wp\/v2\/posts\/625932\/revisions"}],"wp:featuredmedia":[{"embeddable":true,"href":"https:\/\/www.europesays.com\/fr\/wp-json\/wp\/v2\/media\/625933"}],"wp:attachment":[{"href":"https:\/\/www.europesays.com\/fr\/wp-json\/wp\/v2\/media?parent=625932"}],"wp:term":[{"taxonomy":"category","embeddable":true,"href":"https:\/\/www.europesays.com\/fr\/wp-json\/wp\/v2\/categories?post=625932"},{"taxonomy":"post_tag","embeddable":true,"href":"https:\/\/www.europesays.com\/fr\/wp-json\/wp\/v2\/tags?post=625932"}],"curies":[{"name":"wp","href":"https:\/\/api.w.org\/{rel}","templated":true}]}}