{"id":625936,"date":"2025-12-27T22:00:51","date_gmt":"2025-12-27T22:00:51","guid":{"rendered":"https:\/\/www.europesays.com\/fr\/625936\/"},"modified":"2025-12-27T22:00:51","modified_gmt":"2025-12-27T22:00:51","slug":"municipales-2026-a-rennes-ludi-apporte-son-soutien-a-charles-compagnon","status":"publish","type":"post","link":"https:\/\/www.europesays.com\/fr\/625936\/","title":{"rendered":"Municipales 2026 \u00e0 Rennes\u00a0: l\u2019UDI apporte son soutien \u00e0 Charles Compagnon"},"content":{"rendered":"<p>Le 27 d\u00e9cembre 2025 \u00e0 16h21<\/p>\n<p class=\"tlg-h5\">Ce samedi 27\u00a0d\u00e9cembre 2025, la vice-pr\u00e9sidente de l\u2019UDI et ministre de l\u2019Am\u00e9nagement du territoire, Fran\u00e7oise Gatel, a annonc\u00e9 son soutien \u00e0 Charles Compagnon, candidat aux \u00e9lections municipales de Rennes en mars\u00a02026.<\/p>\n<p><img fetchpriority=\"high\" decoding=\"async\" src=\"https:\/\/www.europesays.com\/fr\/wp-content\/uploads\/2025\/12\/694ff9728379ce981a04d604.1.jpeg\" width=\"960\" height=\"600\" class=\"web_golden_xl\" loading=\"eager\" alt=\"Le candidat investi par Horizons et Renaissance, Charles Compagnon, avait d\u00e9j\u00e0 re\u00e7u en novembre le soutien du Modem 35.\"\/>Le candidat investi par Horizons et Renaissance, Charles Compagnon, avait d\u00e9j\u00e0 re\u00e7u en novembre le soutien du Modem 35. (Le T\u00e9l\u00e9gramme\/Romain Leroux)<\/p>\n","protected":false},"excerpt":{"rendered":"Le 27 d\u00e9cembre 2025 \u00e0 16h21 Ce samedi 27\u00a0d\u00e9cembre 2025, la vice-pr\u00e9sidente de l\u2019UDI et ministre de l\u2019Am\u00e9nagement&hellip;\n","protected":false},"author":2,"featured_media":625937,"comment_status":"","ping_status":"","sticky":false,"template":"","format":"standard","meta":{"footnotes":""},"categories":[2821],"tags":[1111,11,829,1777,674,1011,27,26053,12,316,584,25],"class_list":{"0":"post-625936","1":"post","2":"type-post","3":"status-publish","4":"format-standard","5":"has-post-thumbnail","7":"category-rennes","8":"tag-actu","9":"tag-actualites","10":"tag-bretagne","11":"tag-eu","12":"tag-europe","13":"tag-fr","14":"tag-france","15":"tag-municipales-2026-a-rennes","16":"tag-news","17":"tag-politique","18":"tag-rennes","19":"tag-republique-francaise"},"share_on_mastodon":{"url":"https:\/\/pubeurope.com\/@fr\/115793788696189932","error":""},"_links":{"self":[{"href":"https:\/\/www.europesays.com\/fr\/wp-json\/wp\/v2\/posts\/625936","targetHints":{"allow":["GET"]}}],"collection":[{"href":"https:\/\/www.europesays.com\/fr\/wp-json\/wp\/v2\/posts"}],"about":[{"href":"https:\/\/www.europesays.com\/fr\/wp-json\/wp\/v2\/types\/post"}],"author":[{"embeddable":true,"href":"https:\/\/www.europesays.com\/fr\/wp-json\/wp\/v2\/users\/2"}],"replies":[{"embeddable":true,"href":"https:\/\/www.europesays.com\/fr\/wp-json\/wp\/v2\/comments?post=625936"}],"version-history":[{"count":0,"href":"https:\/\/www.europesays.com\/fr\/wp-json\/wp\/v2\/posts\/625936\/revisions"}],"wp:featuredmedia":[{"embeddable":true,"href":"https:\/\/www.europesays.com\/fr\/wp-json\/wp\/v2\/media\/625937"}],"wp:attachment":[{"href":"https:\/\/www.europesays.com\/fr\/wp-json\/wp\/v2\/media?parent=625936"}],"wp:term":[{"taxonomy":"category","embeddable":true,"href":"https:\/\/www.europesays.com\/fr\/wp-json\/wp\/v2\/categories?post=625936"},{"taxonomy":"post_tag","embeddable":true,"href":"https:\/\/www.europesays.com\/fr\/wp-json\/wp\/v2\/tags?post=625936"}],"curies":[{"name":"wp","href":"https:\/\/api.w.org\/{rel}","templated":true}]}}