{"id":625942,"date":"2025-12-27T22:05:15","date_gmt":"2025-12-27T22:05:15","guid":{"rendered":"https:\/\/www.europesays.com\/fr\/625942\/"},"modified":"2025-12-27T22:05:15","modified_gmt":"2025-12-27T22:05:15","slug":"une-parenthese-feerique-pour-toute-la-famille","status":"publish","type":"post","link":"https:\/\/www.europesays.com\/fr\/625942\/","title":{"rendered":"une parenth\u00e8se f\u00e9erique pour toute la famille"},"content":{"rendered":"<p>Pour de nombreux spectateurs, R\u00eaves de Cirque a \u00e9t\u00e9 une exp\u00e9rience magique. Parmi les avis recueillis apr\u00e8s les repr\u00e9sentations, beaucoup insistent sur le plaisir partag\u00e9 entre parents et enfants. \u00ab Tr\u00e8s beau spectacle, empreint de beaucoup d\u2019\u00e9motion \u00bb, confie J\u00e9r\u00f4me, qui a assist\u00e9 au show avec sa famille. Son fils de trois ans \u00ab a ador\u00e9 \u00bb et n\u2019a cess\u00e9 de pointer du doigt les artistes, \u00e9merveill\u00e9 par les couleurs et la musique.<\/p>\n<p>D\u2019autres spectateurs soulignent la qualit\u00e9 des num\u00e9ros et la vari\u00e9t\u00e9 des performances : des acrobaties impressionnantes aux clowns hilarants, en passant par les acrobates qui captivent le public. \u00ab C\u2019\u00e9tait un moment inoubliable, petits et grands \u00e9taient ravis \u00bb, t\u00e9moigne une autre visiteuse apr\u00e8s avoir termin\u00e9 la repr\u00e9sentation.<\/p>\n","protected":false},"excerpt":{"rendered":"Pour de nombreux spectateurs, R\u00eaves de Cirque a \u00e9t\u00e9 une exp\u00e9rience magique. Parmi les avis recueillis apr\u00e8s les&hellip;\n","protected":false},"author":2,"featured_media":625943,"comment_status":"","ping_status":"","sticky":false,"template":"","format":"standard","meta":{"footnotes":""},"categories":[2819],"tags":[1111,11,1777,674,1011,27,12,2401,882,25],"class_list":{"0":"post-625942","1":"post","2":"type-post","3":"status-publish","4":"format-standard","5":"has-post-thumbnail","7":"category-nice","8":"tag-actu","9":"tag-actualites","10":"tag-eu","11":"tag-europe","12":"tag-fr","13":"tag-france","14":"tag-news","15":"tag-nice","16":"tag-provence-alpes-cote-dazur","17":"tag-republique-francaise"},"share_on_mastodon":{"url":"https:\/\/pubeurope.com\/@fr\/115793803626285631","error":""},"_links":{"self":[{"href":"https:\/\/www.europesays.com\/fr\/wp-json\/wp\/v2\/posts\/625942","targetHints":{"allow":["GET"]}}],"collection":[{"href":"https:\/\/www.europesays.com\/fr\/wp-json\/wp\/v2\/posts"}],"about":[{"href":"https:\/\/www.europesays.com\/fr\/wp-json\/wp\/v2\/types\/post"}],"author":[{"embeddable":true,"href":"https:\/\/www.europesays.com\/fr\/wp-json\/wp\/v2\/users\/2"}],"replies":[{"embeddable":true,"href":"https:\/\/www.europesays.com\/fr\/wp-json\/wp\/v2\/comments?post=625942"}],"version-history":[{"count":0,"href":"https:\/\/www.europesays.com\/fr\/wp-json\/wp\/v2\/posts\/625942\/revisions"}],"wp:featuredmedia":[{"embeddable":true,"href":"https:\/\/www.europesays.com\/fr\/wp-json\/wp\/v2\/media\/625943"}],"wp:attachment":[{"href":"https:\/\/www.europesays.com\/fr\/wp-json\/wp\/v2\/media?parent=625942"}],"wp:term":[{"taxonomy":"category","embeddable":true,"href":"https:\/\/www.europesays.com\/fr\/wp-json\/wp\/v2\/categories?post=625942"},{"taxonomy":"post_tag","embeddable":true,"href":"https:\/\/www.europesays.com\/fr\/wp-json\/wp\/v2\/tags?post=625942"}],"curies":[{"name":"wp","href":"https:\/\/api.w.org\/{rel}","templated":true}]}}