{"id":625954,"date":"2025-12-27T22:17:28","date_gmt":"2025-12-27T22:17:28","guid":{"rendered":"https:\/\/www.europesays.com\/fr\/625954\/"},"modified":"2025-12-27T22:17:28","modified_gmt":"2025-12-27T22:17:28","slug":"deux-femmes-tuees-en-quelques-jours-a-lille-leurs-conjoints-suspectes","status":"publish","type":"post","link":"https:\/\/www.europesays.com\/fr\/625954\/","title":{"rendered":"Deux femmes tu\u00e9es en quelques jours \u00e0 Lille, leurs conjoints suspect\u00e9s"},"content":{"rendered":"<ul class=\"jsx-862013697 ArticleChapo__List\">\n<li class=\"jsx-862013697 ArticleChapo__List_Item flex\">Une femme de 25 ans a succomb\u00e9 \u00e0 des blessures \u00e0 l&rsquo;arme blanche \u00e0 Lille.<\/li>\n<li class=\"jsx-862013697 ArticleChapo__List_Item flex\">Son compagnon de 29 ans s&rsquo;est d\u00e9nonc\u00e9 \u00e0 la police.<\/li>\n<li class=\"jsx-862013697 ArticleChapo__List_Item flex\">Jeudi, le corps d&rsquo;une autre femme a \u00e9t\u00e9 d\u00e9couvert dans l&rsquo;appartement de son compagnon aussi \u00e0 Lille.<\/li>\n<\/ul>\n<p><a href=\"https:\/\/www.tf1info.fr\/actualite\/violences-faites-aux-femmes-la-colere-face-a-un-fleau-qui-perdure-14433\/\" rel=\"noopener\" class=\"jsx-484472199 Link jsx-1428418400 jsx-1910851033\" target=\"_blank\"><\/p>\n<p style=\"font-weight:400\" class=\"jsx-1837267516\">Suivez la couverture compl\u00e8te<\/p>\n<p style=\"font-weight:800\" class=\"jsx-1837267516\">Violences faites aux femmes : la col\u00e8re face \u00e0 un fl\u00e9au qui perdure<\/p>\n<p><\/a><\/p>\n<p data-module=\"article-paragraph\" class=\"jsx-157965717 Paragraph\">Un nouveau drame en quelques jours seulement \u00e0 Lille. Une femme de 25 ans a \u00e9t\u00e9 retrouv\u00e9e morte dans le centre de la ville du Nord samedi 27 d\u00e9cembre en d\u00e9but d&rsquo;apr\u00e8s-midi, apr\u00e8s que son compagnon s&rsquo;est <a href=\"https:\/\/www.tf1info.fr\/justice-faits-divers\/feminicide-gironde-une-quadragenaire-tuee-pres-de-libourne-son-conjoint-interpelle-apres-s-etre-denonce-2407950.html\" target=\"_blank\" rel=\"noopener\">d\u00e9nonc\u00e9 \u00e0 la police (nouvelle fen\u00eatre)<\/a>, ont indiqu\u00e9 le parquet de Lille et une source polici\u00e8re \u00e0 l&rsquo;AFP.\u00a0<\/p>\n<p data-module=\"article-paragraph\" class=\"jsx-157965717 Paragraph Paragraph__End\">La jeune femme pr\u00e9sentait plusieurs plaies \u00e0 l&rsquo;arme blanche, et son compagnon \u00e2g\u00e9 de 29 ans avait un couteau \u00e0 la main \u00e0 l&rsquo;arriv\u00e9e des forces de l&rsquo;ordre, a ajout\u00e9 cette source, confirmant des informations d&rsquo;<a href=\"https:\/\/www.francebleu.fr\/infos\/faits-divers-justice\/une-jeune-femme-de-25-ans-retrouvee-morte-a-lille-son-compagnon-interpelle-2661815\" target=\"_blank\" rel=\"nofollow noopener\">Ici Nord (nouvelle fen\u00eatre)<\/a>. D&rsquo;apr\u00e8s la radio locale, la victime est d\u00e9c\u00e9d\u00e9e lorsque les secours sont arriv\u00e9s sur place.\u00a0<\/p>\n<p>Un nouveau drame, peu apr\u00e8s une autre d\u00e9couverte macabre le jour de No\u00ebl <\/p>\n<p data-module=\"article-paragraph\" class=\"jsx-157965717 Paragraph\">L&rsquo;homme, qui avait appel\u00e9 la police pour s&rsquo;accuser, a \u00e9t\u00e9 neutralis\u00e9 par les policiers puis interpell\u00e9, et le service local de police judiciaire (SLPJ) saisi, selon la source polici\u00e8re \u00e0 l&rsquo;AFP. Il a \u00ab\u00a0\u00e9t\u00e9 plac\u00e9 imm\u00e9diatement en garde \u00e0 vue du chef d&rsquo;homicide par concubin\u00a0\u00bb, a ajout\u00e9 le procureur de la R\u00e9publique adjoint de Lille, Antoine Berthelot. Cet individu n&rsquo;a pas encore \u00e9t\u00e9 entendu, et \u00ab\u00a0aucun mobile possible n&rsquo;est donc pour l&rsquo;heure avanc\u00e9 par ce dernier\u00a0\u00bb, a-t-il pr\u00e9cis\u00e9, ajoutant que des constatations \u00e9taient \u00ab\u00a0en cours\u00a0\u00bb samedi soir.\u00a0<\/p>\n<p data-module=\"article-paragraph\" class=\"jsx-157965717 Paragraph Paragraph__End\">Ce drame survient quelques jours seulement apr\u00e8s un autre meurtre signal\u00e9 \u00e0 Lille \u00e9galement : jeudi, le jour de No\u00ebl, un homme avait \u00e9t\u00e9 plac\u00e9 en garde \u00e0 vue apr\u00e8s la d\u00e9couverte du corps de sa compagne dans son appartement. Les policiers ont constat\u00e9 des traces de violences dans le logement, et la victime, une Belge de 34 ans, pr\u00e9sentait des h\u00e9matomes et des dents cass\u00e9es, selon une source polici\u00e8re \u00e0 l&rsquo;AFP.\u00a0<\/p>\n<p><a href=\"https:\/\/www.tf1info.fr\/international\/violences-faites-aux-femmes-en-espagne-le-nombre-de-feminicides-a-diminue-de-35-en-20-ans-2408848.html\" rel=\"noopener\" class=\"jsx-3308031228 Link flex\" target=\"_blank\"><img decoding=\"async\" src=\"https:\/\/www.europesays.com\/fr\/wp-content\/uploads\/2025\/12\/espagne-chaleur-49e075-1@1x.jpeg\" alt=\"CRISTINA QUICLER \/ AFP\" loading=\"lazy\" importance=\"low\" fetchpriority=\"low\" class=\"\" aria-hidden=\"true\"\/><\/p>\n<p class=\"jsx-3657663356 ReadMoreArticle__Title\">Lire aussi<\/p>\n<p class=\"jsx-3657663356\">Violences faites aux femmes : en Espagne, le nombre de f\u00e9minicides a diminu\u00e9 de 35% en 20 ans<\/p>\n<p><\/a><\/p>\n<p data-module=\"article-paragraph\" class=\"jsx-157965717 Paragraph\">Cet homme a \u00e9t\u00e9 mis en examen ce samedi soir pour <a href=\"https:\/\/www.tf1info.fr\/justice-faits-divers\/video-temoignages-feminicide-a-poitiers-la-mere-et-le-frere-d-ines-mecellem-denoncent-l-indifference-de-la-police-2396215.html\" target=\"_blank\" rel=\"noopener\">meurtre par conjoint (nouvelle fen\u00eatre)<\/a>, a indiqu\u00e9 \u00e0 l&rsquo;AFP le parquet de Lille. Plac\u00e9 en d\u00e9tention provisoire, il ne reconna\u00eet pas les faits \u00e0 ce stade, a pr\u00e9cis\u00e9 le procureur de la R\u00e9publique adjoint, Antoine Berthelot. Il s&rsquo;agit d&rsquo;un Alg\u00e9rien de 36 ans, en situation r\u00e9guli\u00e8re sur le territoire fran\u00e7ais et connu de la justice pour d\u00e9lit routier, selon la source polici\u00e8re.\u00a0<\/p>\n<p data-module=\"article-paragraph\" class=\"jsx-157965717 Paragraph\">D&rsquo;apr\u00e8s la m\u00eame source, les policiers ont constat\u00e9 des traces de violences, dont du sang, une porte bris\u00e9e et du mobilier fractur\u00e9 lors de leur intervention. Elle a ajout\u00e9 que le conjoint de la victime pr\u00e9sentait des griffures au moment de son interpellation.\u00a0<\/p>\n<p data-module=\"article-paragraph\" class=\"jsx-157965717 Paragraph Paragraph__End\">Un deuxi\u00e8me homme, \u00e2g\u00e9 de 47 ans et \u00ab\u00a0ami du compagnon de la victime, h\u00e9berg\u00e9 depuis plusieurs semaines au domicile commun\u00a0\u00bb a \u00e9galement \u00e9t\u00e9 mis en examen samedi soir pour non-assistance \u00e0 personne en danger, selon Antoine Berthelot. Il a \u00e9t\u00e9 plac\u00e9 sous contr\u00f4le judiciaire.\u00a0<\/p>\n<p>Plus de trois f\u00e9minicides ou tentatives chaque jour en France<\/p>\n<p data-module=\"article-paragraph\" class=\"jsx-157965717 Paragraph\">Chaque jour en France, <a href=\"https:\/\/www.tf1info.fr\/justice-faits-divers\/plus-de-3-femmes-victimes-chaque-jour-de-feminicide-ou-tentative-de-feminicide-conjugal-en-france-2407775.html\" target=\"_blank\" rel=\"noopener\">plus de trois femmes sont victimes (nouvelle fen\u00eatre)<\/a> de f\u00e9minicide ou tentative de f\u00e9minicide conjugal, selon les donn\u00e9es de 2024 de la mission interminist\u00e9rielle pour la protection des femmes (Miprof) publi\u00e9es en novembre. Un chiffre en hausse de 11% sur un an, avec 107 femmes tu\u00e9es par leur conjoint ou ex-conjoint l&rsquo;an pass\u00e9.\u00a0<\/p>\n<p data-module=\"article-paragraph\" class=\"jsx-157965717 Paragraph Paragraph__End\">D\u00e9but d\u00e9cembre, la Fondation des femmes a appel\u00e9 \u00e0 la cr\u00e9ation d&rsquo;un observatoire national des f\u00e9minicides, jugeant la situation actuelle \u00ab\u00a0alarmante\u00a0\u00bb et fustigeant une \u00ab\u00a0d\u00e9mobilisation\u00a0\u00bb des pouvoirs publics sur cette question.\u00a0<\/p>\n<p>M.L. avec AFP<\/p>\n","protected":false},"excerpt":{"rendered":"Une femme de 25 ans a succomb\u00e9 \u00e0 des blessures \u00e0 l&rsquo;arme blanche \u00e0 Lille. Son compagnon de&hellip;\n","protected":false},"author":2,"featured_media":625955,"comment_status":"","ping_status":"","sticky":false,"template":"","format":"standard","meta":{"footnotes":""},"categories":[2815],"tags":[1111,11,1921,1777,674,21957,4651,1011,27,811,1922,2954,1307,12,1072,25,133,2953,73521],"class_list":{"0":"post-625954","1":"post","2":"type-post","3":"status-publish","4":"format-standard","5":"has-post-thumbnail","7":"category-lille","8":"tag-actu","9":"tag-actualites","10":"tag-article-video","11":"tag-eu","12":"tag-europe","13":"tag-feminicides","14":"tag-femmes","15":"tag-fr","16":"tag-france","17":"tag-hauts-de-france","18":"tag-info","19":"tag-justice-et-faits-divers","20":"tag-lille","21":"tag-news","22":"tag-police","23":"tag-republique-francaise","24":"tag-video","25":"tag-video-police","26":"tag-violences-faites-aux-femmes-la-colere-face-a-un-fleau-qui-perdure"},"share_on_mastodon":{"url":"https:\/\/pubeurope.com\/@fr\/115793851923467507","error":""},"_links":{"self":[{"href":"https:\/\/www.europesays.com\/fr\/wp-json\/wp\/v2\/posts\/625954","targetHints":{"allow":["GET"]}}],"collection":[{"href":"https:\/\/www.europesays.com\/fr\/wp-json\/wp\/v2\/posts"}],"about":[{"href":"https:\/\/www.europesays.com\/fr\/wp-json\/wp\/v2\/types\/post"}],"author":[{"embeddable":true,"href":"https:\/\/www.europesays.com\/fr\/wp-json\/wp\/v2\/users\/2"}],"replies":[{"embeddable":true,"href":"https:\/\/www.europesays.com\/fr\/wp-json\/wp\/v2\/comments?post=625954"}],"version-history":[{"count":0,"href":"https:\/\/www.europesays.com\/fr\/wp-json\/wp\/v2\/posts\/625954\/revisions"}],"wp:featuredmedia":[{"embeddable":true,"href":"https:\/\/www.europesays.com\/fr\/wp-json\/wp\/v2\/media\/625955"}],"wp:attachment":[{"href":"https:\/\/www.europesays.com\/fr\/wp-json\/wp\/v2\/media?parent=625954"}],"wp:term":[{"taxonomy":"category","embeddable":true,"href":"https:\/\/www.europesays.com\/fr\/wp-json\/wp\/v2\/categories?post=625954"},{"taxonomy":"post_tag","embeddable":true,"href":"https:\/\/www.europesays.com\/fr\/wp-json\/wp\/v2\/tags?post=625954"}],"curies":[{"name":"wp","href":"https:\/\/api.w.org\/{rel}","templated":true}]}}